{"id":8112,"date":"2025-06-02T17:48:26","date_gmt":"2025-06-02T20:48:26","guid":{"rendered":"https:\/\/arquitetocaio.com\/wpcp\/?p=8112"},"modified":"2025-06-02T17:48:26","modified_gmt":"2025-06-02T20:48:26","slug":"reformar-minha-casa-no-condominio-gramado","status":"publish","type":"post","link":"https:\/\/arquitetocaio.com\/wpcp\/reformar-minha-casa-no-condominio-gramado\/","title":{"rendered":"Reformar minha Casa no Condom\u00ednio Gramado"},"content":{"rendered":"\n<p>Se voc\u00ea esta buscando Reformar minha Casa no Condom\u00ednio Gramado, ent\u00e3o voc\u00ea est\u00e1 no melhor site!<\/p>\n\n\n\n<p>Reformar uma casa no Condom\u00ednio Gramado em Campinas \u00e9 uma excelente forma de modernizar o im\u00f3vel, aumentar o conforto e valorizar o patrim\u00f4nio. <\/p>\n\n\n\n<p>Localizado em uma das regi\u00f5es mais exclusivas da cidade, o condom\u00ednio \u00e9 conhecido pelo seu alto padr\u00e3o e pelo cuidado est\u00e9tico das constru\u00e7\u00f5es, o que exige aten\u00e7\u00e3o especial durante qualquer interven\u00e7\u00e3o arquitet\u00f4nica.<\/p>\n\n\n\n<figure class=\"wp-block-image size-full\"><img loading=\"lazy\" decoding=\"async\" width=\"1280\" height=\"720\" src=\"http:\/\/arquitetocaio.com\/wpcp\/wp-content\/uploads\/2025\/06\/reformar-minha-casa-no-condominio-gramado-1.jpg\" alt=\"Reformar minha Casa no Condom\u00ednio Gramado\" class=\"wp-image-8113\" srcset=\"https:\/\/arquitetocaio.com\/wpcp\/wp-content\/uploads\/2025\/06\/reformar-minha-casa-no-condominio-gramado-1.jpg 1280w, https:\/\/arquitetocaio.com\/wpcp\/wp-content\/uploads\/2025\/06\/reformar-minha-casa-no-condominio-gramado-1-684x385.jpg 684w, https:\/\/arquitetocaio.com\/wpcp\/wp-content\/uploads\/2025\/06\/reformar-minha-casa-no-condominio-gramado-1-768x432.jpg 768w, https:\/\/arquitetocaio.com\/wpcp\/wp-content\/uploads\/2025\/06\/reformar-minha-casa-no-condominio-gramado-1-370x208.jpg 370w, https:\/\/arquitetocaio.com\/wpcp\/wp-content\/uploads\/2025\/06\/reformar-minha-casa-no-condominio-gramado-1-160x90.jpg 160w\" sizes=\"(max-width: 1280px) 100vw, 1280px\" \/><\/figure>\n\n\n\n<p>Antes de iniciar a obra, \u00e9 essencial contratar um arquiteto com experi\u00eancia em reformas residenciais dentro de condom\u00ednios de alto padr\u00e3o. <\/p>\n\n\n\n<p>Ambientes como cozinha integrada, \u00e1rea gourmet, home office e su\u00edtes amplas est\u00e3o entre as melhorias mais procuradas. Al\u00e9m disso, a ado\u00e7\u00e3o de solu\u00e7\u00f5es sustent\u00e1veis e automa\u00e7\u00f5es residenciais tem ganhado espa\u00e7o.<\/p>\n\n\n\n<p>Ent\u00e3o, nossa equipe est\u00e1 pronta para te atender e te ajudar com seu&nbsp;<a href=\"https:\/\/italicohomes.com\/projetos\/\">projeto<\/a>.<\/p>\n\n\n\n<p>Nosso escrit\u00f3rio \u00e9 especialista em Reformar minha Casa no Condom\u00ednio Gramado.<\/p>\n\n\n\n<figure class=\"wp-block-image size-full\"><img loading=\"lazy\" decoding=\"async\" width=\"1280\" height=\"720\" src=\"http:\/\/arquitetocaio.com\/wpcp\/wp-content\/uploads\/2025\/06\/reformar-minha-casa-no-condominio-gramado-2.jpg\" alt=\"Reformar minha Casa no Condom\u00ednio Gramado\" class=\"wp-image-8114\" srcset=\"https:\/\/arquitetocaio.com\/wpcp\/wp-content\/uploads\/2025\/06\/reformar-minha-casa-no-condominio-gramado-2.jpg 1280w, https:\/\/arquitetocaio.com\/wpcp\/wp-content\/uploads\/2025\/06\/reformar-minha-casa-no-condominio-gramado-2-684x385.jpg 684w, https:\/\/arquitetocaio.com\/wpcp\/wp-content\/uploads\/2025\/06\/reformar-minha-casa-no-condominio-gramado-2-768x432.jpg 768w, https:\/\/arquitetocaio.com\/wpcp\/wp-content\/uploads\/2025\/06\/reformar-minha-casa-no-condominio-gramado-2-370x208.jpg 370w, https:\/\/arquitetocaio.com\/wpcp\/wp-content\/uploads\/2025\/06\/reformar-minha-casa-no-condominio-gramado-2-160x90.jpg 160w\" sizes=\"(max-width: 1280px) 100vw, 1280px\" \/><\/figure>\n\n\n\n<p>Dessa forma, se gostou desse projeto, nos chame em nosso <a href=\"https:\/\/api.whatsapp.com\/send\/?phone=5519981337909&amp;text=Ol%C3%A1%2C+gostaria+de+saber+mais+sobre+os+servi%C3%A7os+da+Italico&amp;app_absent=0\">WhatsApp,<\/a> vamos conversar sobre sua futura casa.<\/p>\n\n\n\n<p>Outro ponto crucial \u00e9 seguir rigorosamente as normas internas do condom\u00ednio. <\/p>\n\n\n\n<p>Um projeto bem estruturado e aprovado previamente evita imprevistos e garante mais agilidade na execu\u00e7\u00e3o.<\/p>\n\n\n\n<p>Veja tamb\u00e9m essas <a href=\"https:\/\/www.youtube.com\/watch?v=KUpLod4Xur8\">fachadas para se inspirar<\/a>!<\/p>\n\n\n\n<figure class=\"wp-block-image size-full\"><img loading=\"lazy\" decoding=\"async\" width=\"1280\" height=\"720\" src=\"http:\/\/arquitetocaio.com\/wpcp\/wp-content\/uploads\/2025\/06\/reformar-minha-casa-no-condominio-gramado-3.jpg\" alt=\"Reformar minha Casa no Condom\u00ednio Gramado\" class=\"wp-image-8115\" srcset=\"https:\/\/arquitetocaio.com\/wpcp\/wp-content\/uploads\/2025\/06\/reformar-minha-casa-no-condominio-gramado-3.jpg 1280w, https:\/\/arquitetocaio.com\/wpcp\/wp-content\/uploads\/2025\/06\/reformar-minha-casa-no-condominio-gramado-3-684x385.jpg 684w, https:\/\/arquitetocaio.com\/wpcp\/wp-content\/uploads\/2025\/06\/reformar-minha-casa-no-condominio-gramado-3-768x432.jpg 768w, https:\/\/arquitetocaio.com\/wpcp\/wp-content\/uploads\/2025\/06\/reformar-minha-casa-no-condominio-gramado-3-370x208.jpg 370w, https:\/\/arquitetocaio.com\/wpcp\/wp-content\/uploads\/2025\/06\/reformar-minha-casa-no-condominio-gramado-3-160x90.jpg 160w\" sizes=\"(max-width: 1280px) 100vw, 1280px\" \/><\/figure>\n\n\n\n<p>Ent\u00e3o, reformar sua casa no Condom\u00ednio Gramado em Campinas \u00e9 mais do que uma obra \u2014 \u00e9 um investimento em bem-estar, sofistica\u00e7\u00e3o e valoriza\u00e7\u00e3o. <\/p>\n\n\n\n<p>Com um projeto alinhado \u00e0s expectativas da fam\u00edlia e \u00e0s exig\u00eancias do local, o resultado ser\u00e1 um lar renovado e pronto para o futuro.<\/p>\n\n\n\n<p>Entre em contato agora mesmo atrav\u00e9s do&nbsp;WhatsApp: (19) 98133-7909 ou Clique no Link&nbsp;<a href=\"https:\/\/wa.me\/5519981337909\">https:\/\/wa.me\/5519981337909<\/a><\/p>\n\n\n\n<h3 class=\"wp-block-heading\">Al\u00e9m disso, conhe\u00e7a tamb\u00e9m nossas redes sociais:<\/h3>\n\n\n\n<p><a href=\"https:\/\/www.youtube.com\/c\/ItalicoSpecialHomes\/videos\">Youtube<\/a><\/p>\n\n\n\n<p><a href=\"https:\/\/www.instagram.com\/italicohomes\/\">Instagram<\/a><\/p>\n\n\n\n<p><a href=\"https:\/\/br.pinterest.com\/italicohomes\/_created\/\">Pinterest<\/a><\/p>\n\n\n\n<p>Queremos te ajudar a fazer o projeto dos seus sonhos.<\/p>\n\n\n\n<p>Veja tamb\u00e9m outros Projetos para Reformar minha Casa em nosso <a href=\"https:\/\/italicohomes.com\/\">site.<\/a><\/p>\n","protected":false},"excerpt":{"rendered":"<p>Se voc\u00ea esta buscando Reformar minha Casa no Condom\u00ednio Gramado, ent\u00e3o voc\u00ea est\u00e1 no melhor site! Reformar uma casa no Condom\u00ednio Gramado em Campinas \u00e9 uma excelente forma de modernizar o im\u00f3vel, aumentar o conforto e valorizar o patrim\u00f4nio. Localizado em uma das regi\u00f5es mais exclusivas da cidade, o condom\u00ednio \u00e9 conhecido pelo seu alto padr\u00e3o e pelo cuidado est\u00e9tico&#8230;<\/p>\n","protected":false},"author":4514,"featured_media":0,"comment_status":"closed","ping_status":"closed","sticky":false,"template":"","format":"standard","meta":{"footnotes":""},"categories":[3571,38,515,681,104,118,37,803],"tags":[1337,522,3577,3589,692,3578,316,46,1339,317,3588],"_links":{"self":[{"href":"https:\/\/arquitetocaio.com\/wpcp\/wp-json\/wp\/v2\/posts\/8112"}],"collection":[{"href":"https:\/\/arquitetocaio.com\/wpcp\/wp-json\/wp\/v2\/posts"}],"about":[{"href":"https:\/\/arquitetocaio.com\/wpcp\/wp-json\/wp\/v2\/types\/post"}],"author":[{"embeddable":true,"href":"https:\/\/arquitetocaio.com\/wpcp\/wp-json\/wp\/v2\/users\/4514"}],"replies":[{"embeddable":true,"href":"https:\/\/arquitetocaio.com\/wpcp\/wp-json\/wp\/v2\/comments?post=8112"}],"version-history":[{"count":1,"href":"https:\/\/arquitetocaio.com\/wpcp\/wp-json\/wp\/v2\/posts\/8112\/revisions"}],"predecessor-version":[{"id":8116,"href":"https:\/\/arquitetocaio.com\/wpcp\/wp-json\/wp\/v2\/posts\/8112\/revisions\/8116"}],"wp:attachment":[{"href":"https:\/\/arquitetocaio.com\/wpcp\/wp-json\/wp\/v2\/media?parent=8112"}],"wp:term":[{"taxonomy":"category","embeddable":true,"href":"https:\/\/arquitetocaio.com\/wpcp\/wp-json\/wp\/v2\/categories?post=8112"},{"taxonomy":"post_tag","embeddable":true,"href":"https:\/\/arquitetocaio.com\/wpcp\/wp-json\/wp\/v2\/tags?post=8112"}],"curies":[{"name":"wp","href":"https:\/\/api.w.org\/{rel}","templated":true}]}}