{"id":8096,"date":"2025-05-30T16:06:51","date_gmt":"2025-05-30T19:06:51","guid":{"rendered":"https:\/\/arquitetocaio.com\/wpcp\/?p=8096"},"modified":"2025-05-30T16:06:52","modified_gmt":"2025-05-30T19:06:52","slug":"arquitetura-d-residencia-no-mont-blanc-terreno-de-700-metros","status":"publish","type":"post","link":"https:\/\/arquitetocaio.com\/wpcp\/arquitetura-d-residencia-no-mont-blanc-terreno-de-700-metros\/","title":{"rendered":"Arquitetura de Resid\u00eancia no Mont Blanc \u2013 Terreno de 700 metros"},"content":{"rendered":"\n<p>Se voc\u00ea esta buscando Arquitetura de Resid\u00eancia no Mont Blanc \u2013 Terreno de 700 metros, ent\u00e3o voc\u00ea est\u00e1 no melhor site!<\/p>\n\n\n\n<p>Desenvolver um projeto arquitet\u00f4nico para uma casa no Condom\u00ednio Mont Blanc, em Campinas, significa aliar eleg\u00e2ncia, praticidade e harmonia com o ambiente natural. <\/p>\n\n\n\n<p>Com um terreno de 700 metros quadrados, h\u00e1 ampla liberdade para criar espa\u00e7os integrados, valorizando a ilumina\u00e7\u00e3o natural e a ventila\u00e7\u00e3o eficiente.<\/p>\n\n\n\n<figure class=\"wp-block-image size-large\"><img loading=\"lazy\" decoding=\"async\" width=\"1366\" height=\"1130\" src=\"http:\/\/arquitetocaio.com\/wpcp\/wp-content\/uploads\/2025\/05\/arquitetura-de-residencia-no-mont-blanc-terreno-de-700-metros-3-1366x1130.jpg\" alt=\"Arquitetura de Resid\u00eancia no Mont Blanc \u2013 Terreno de 700 metros\" class=\"wp-image-8098\" srcset=\"https:\/\/arquitetocaio.com\/wpcp\/wp-content\/uploads\/2025\/05\/arquitetura-de-residencia-no-mont-blanc-terreno-de-700-metros-3-1366x1130.jpg 1366w, https:\/\/arquitetocaio.com\/wpcp\/wp-content\/uploads\/2025\/05\/arquitetura-de-residencia-no-mont-blanc-terreno-de-700-metros-3-684x566.jpg 684w, https:\/\/arquitetocaio.com\/wpcp\/wp-content\/uploads\/2025\/05\/arquitetura-de-residencia-no-mont-blanc-terreno-de-700-metros-3-768x636.jpg 768w, https:\/\/arquitetocaio.com\/wpcp\/wp-content\/uploads\/2025\/05\/arquitetura-de-residencia-no-mont-blanc-terreno-de-700-metros-3-370x306.jpg 370w, https:\/\/arquitetocaio.com\/wpcp\/wp-content\/uploads\/2025\/05\/arquitetura-de-residencia-no-mont-blanc-terreno-de-700-metros-3-160x132.jpg 160w, https:\/\/arquitetocaio.com\/wpcp\/wp-content\/uploads\/2025\/05\/arquitetura-de-residencia-no-mont-blanc-terreno-de-700-metros-3.jpg 1392w\" sizes=\"(max-width: 1366px) 100vw, 1366px\" \/><\/figure>\n\n\n\n<p>A arquitetura neocl\u00e1ssica \u00e9 destaque nessa configura\u00e7\u00e3o, com linhas limpas, fachadas envidra\u00e7adas e ambientes que se conectam de forma fluida, proporcionando conforto e sofistica\u00e7\u00e3o. <\/p>\n\n\n\n<p>A distribui\u00e7\u00e3o interna \u00e9 pensada para maximizar a funcionalidade, separando \u00e1reas sociais, \u00edntimas e de servi\u00e7os, com espa\u00e7os generosos para su\u00edtes, home office e \u00e1reas de conviv\u00eancia, como varanda gourmet e piscina.<\/p>\n\n\n\n<p>Ent\u00e3o, nossa equipe est\u00e1 pronta para te atender e te ajudar com seu&nbsp;<a href=\"https:\/\/italicohomes.com\/projetos\/\">projeto<\/a>.<\/p>\n\n\n\n<p>Nosso escrit\u00f3rio \u00e9 especialista em Arquitetura de Resid\u00eancia no Mont Blanc \u2013 Terreno de 700 metros.<\/p>\n\n\n\n<figure class=\"wp-block-image size-full\"><img loading=\"lazy\" decoding=\"async\" width=\"987\" height=\"1152\" src=\"http:\/\/arquitetocaio.com\/wpcp\/wp-content\/uploads\/2025\/05\/arquitetura-de-residencia-no-mont-blanc-terreno-de-700-metros-1.jpg\" alt=\"Arquitetura de Resid\u00eancia no Mont Blanc \u2013 Terreno de 700 metros\" class=\"wp-image-8099\" srcset=\"https:\/\/arquitetocaio.com\/wpcp\/wp-content\/uploads\/2025\/05\/arquitetura-de-residencia-no-mont-blanc-terreno-de-700-metros-1.jpg 987w, https:\/\/arquitetocaio.com\/wpcp\/wp-content\/uploads\/2025\/05\/arquitetura-de-residencia-no-mont-blanc-terreno-de-700-metros-1-586x684.jpg 586w, https:\/\/arquitetocaio.com\/wpcp\/wp-content\/uploads\/2025\/05\/arquitetura-de-residencia-no-mont-blanc-terreno-de-700-metros-1-768x896.jpg 768w, https:\/\/arquitetocaio.com\/wpcp\/wp-content\/uploads\/2025\/05\/arquitetura-de-residencia-no-mont-blanc-terreno-de-700-metros-1-370x431.jpg 370w, https:\/\/arquitetocaio.com\/wpcp\/wp-content\/uploads\/2025\/05\/arquitetura-de-residencia-no-mont-blanc-terreno-de-700-metros-1-137x160.jpg 137w\" sizes=\"(max-width: 987px) 100vw, 987px\" \/><\/figure>\n\n\n\n<p>Dessa forma, se gostou desse projeto, nos chame em nosso <a href=\"https:\/\/api.whatsapp.com\/send\/?phone=5519981337909&amp;text=Ol%C3%A1%2C+gostaria+de+saber+mais+sobre+os+servi%C3%A7os+da+Italico&amp;app_absent=0\">WhatsApp,<\/a> vamos conversar sobre sua futura casa.<\/p>\n\n\n\n<p>Al\u00e9m disso, incorporar solu\u00e7\u00f5es sustent\u00e1veis, como pain\u00e9is solares, sistemas de reaproveitamento de \u00e1gua e estrat\u00e9gias de ventila\u00e7\u00e3o natural, agrega valor ao projeto e promove efici\u00eancia energ\u00e9tica. <\/p>\n\n\n\n<p>O Mont Blanc, conhecido por sua infraestrutura de alto padr\u00e3o e localiza\u00e7\u00e3o privilegiada, potencializa ainda mais a valoriza\u00e7\u00e3o dessas resid\u00eancias.<\/p>\n\n\n\n<p>Veja tamb\u00e9m essas <a href=\"https:\/\/www.youtube.com\/watch?v=KUpLod4Xur8\">fachadas para se inspirar<\/a>!<\/p>\n\n\n\n<figure class=\"wp-block-image size-full\"><img loading=\"lazy\" decoding=\"async\" width=\"1116\" height=\"1152\" src=\"http:\/\/arquitetocaio.com\/wpcp\/wp-content\/uploads\/2025\/05\/arquitetura-de-residencia-no-mont-blanc-terreno-de-700-metros-2.jpg\" alt=\"Arquitetura de Resid\u00eancia no Mont Blanc \u2013 Terreno de 700 metros\" class=\"wp-image-8097\" srcset=\"https:\/\/arquitetocaio.com\/wpcp\/wp-content\/uploads\/2025\/05\/arquitetura-de-residencia-no-mont-blanc-terreno-de-700-metros-2.jpg 1116w, https:\/\/arquitetocaio.com\/wpcp\/wp-content\/uploads\/2025\/05\/arquitetura-de-residencia-no-mont-blanc-terreno-de-700-metros-2-663x684.jpg 663w, https:\/\/arquitetocaio.com\/wpcp\/wp-content\/uploads\/2025\/05\/arquitetura-de-residencia-no-mont-blanc-terreno-de-700-metros-2-768x793.jpg 768w, https:\/\/arquitetocaio.com\/wpcp\/wp-content\/uploads\/2025\/05\/arquitetura-de-residencia-no-mont-blanc-terreno-de-700-metros-2-370x381.jpg 370w, https:\/\/arquitetocaio.com\/wpcp\/wp-content\/uploads\/2025\/05\/arquitetura-de-residencia-no-mont-blanc-terreno-de-700-metros-2-155x160.jpg 155w\" sizes=\"(max-width: 1116px) 100vw, 1116px\" \/><\/figure>\n\n\n\n<p>Ent\u00e3o, optar por um projeto arquitet\u00f4nico neste condom\u00ednio \u00e9 investir em exclusividade, qualidade de vida e valoriza\u00e7\u00e3o imobili\u00e1ria. <\/p>\n\n\n\n<p>A arquitetura para terrenos de 700 metros no Mont Blanc \u00e9 uma oportunidade para unir inova\u00e7\u00e3o, design sofisticado e um estilo de vida funcional.<\/p>\n\n\n\n<p>Entre em contato agora mesmo atrav\u00e9s do&nbsp;WhatsApp: (19) 98133-7909 ou Clique no Link&nbsp;<a href=\"https:\/\/wa.me\/5519981337909\">https:\/\/wa.me\/5519981337909<\/a><\/p>\n\n\n\n<h3 class=\"wp-block-heading\">Al\u00e9m disso, conhe\u00e7a tamb\u00e9m nossas redes sociais:<\/h3>\n\n\n\n<p><a href=\"https:\/\/www.youtube.com\/c\/ItalicoSpecialHomes\/videos\">Youtube<\/a><\/p>\n\n\n\n<p><a href=\"https:\/\/www.instagram.com\/italicohomes\/\">Instagram<\/a><\/p>\n\n\n\n<p><a href=\"https:\/\/br.pinterest.com\/italicohomes\/_created\/\">Pinterest<\/a><\/p>\n\n\n\n<p>Queremos te ajudar a fazer o projeto dos seus sonhos.<\/p>\n\n\n\n<p>Veja tamb\u00e9m outros Projetos para Arquitetura de Resid\u00eancia no Mont Blanc em nosso <a href=\"https:\/\/italicohomes.com\/\">site.<\/a><\/p>\n","protected":false},"excerpt":{"rendered":"<p>Se voc\u00ea esta buscando Arquitetura de Resid\u00eancia no Mont Blanc \u2013 Terreno de 700 metros, ent\u00e3o voc\u00ea est\u00e1 no melhor site! Desenvolver um projeto arquitet\u00f4nico para uma casa no Condom\u00ednio Mont Blanc, em Campinas, significa aliar eleg\u00e2ncia, praticidade e harmonia com o ambiente natural. Com um terreno de 700 metros quadrados, h\u00e1 ampla liberdade para criar espa\u00e7os integrados, valorizando a&#8230;<\/p>\n","protected":false},"author":4514,"featured_media":0,"comment_status":"closed","ping_status":"closed","sticky":false,"template":"","format":"standard","meta":{"footnotes":""},"categories":[3571,38,515,681,104,118,37,803],"tags":[1337,522,1447,3578,316,46,1339,317,1446,1445],"_links":{"self":[{"href":"https:\/\/arquitetocaio.com\/wpcp\/wp-json\/wp\/v2\/posts\/8096"}],"collection":[{"href":"https:\/\/arquitetocaio.com\/wpcp\/wp-json\/wp\/v2\/posts"}],"about":[{"href":"https:\/\/arquitetocaio.com\/wpcp\/wp-json\/wp\/v2\/types\/post"}],"author":[{"embeddable":true,"href":"https:\/\/arquitetocaio.com\/wpcp\/wp-json\/wp\/v2\/users\/4514"}],"replies":[{"embeddable":true,"href":"https:\/\/arquitetocaio.com\/wpcp\/wp-json\/wp\/v2\/comments?post=8096"}],"version-history":[{"count":1,"href":"https:\/\/arquitetocaio.com\/wpcp\/wp-json\/wp\/v2\/posts\/8096\/revisions"}],"predecessor-version":[{"id":8100,"href":"https:\/\/arquitetocaio.com\/wpcp\/wp-json\/wp\/v2\/posts\/8096\/revisions\/8100"}],"wp:attachment":[{"href":"https:\/\/arquitetocaio.com\/wpcp\/wp-json\/wp\/v2\/media?parent=8096"}],"wp:term":[{"taxonomy":"category","embeddable":true,"href":"https:\/\/arquitetocaio.com\/wpcp\/wp-json\/wp\/v2\/categories?post=8096"},{"taxonomy":"post_tag","embeddable":true,"href":"https:\/\/arquitetocaio.com\/wpcp\/wp-json\/wp\/v2\/tags?post=8096"}],"curies":[{"name":"wp","href":"https:\/\/api.w.org\/{rel}","templated":true}]}}