{"id":7578,"date":"2025-04-28T19:57:50","date_gmt":"2025-04-28T22:57:50","guid":{"rendered":"https:\/\/arquitetocaio.com\/wpcp\/?p=7578"},"modified":"2025-04-28T19:57:51","modified_gmt":"2025-04-28T22:57:51","slug":"sala-classica-com-luminaria-na-parede-e-lustre-de-cristal","status":"publish","type":"post","link":"https:\/\/arquitetocaio.com\/wpcp\/sala-classica-com-luminaria-na-parede-e-lustre-de-cristal\/","title":{"rendered":"Sala Cl\u00e1ssica com Lumin\u00e1ria na Parede e Lustre de Cristal"},"content":{"rendered":"\n<p>Se voc\u00ea esta buscando Sala Cl\u00e1ssica com Lumin\u00e1ria na Parede e Lustre de Cristal, ent\u00e3o voc\u00ea est\u00e1 no melhor site!<\/p>\n\n\n\n<p>A sala cl\u00e1ssica com lumin\u00e1ria na parede e lustre de cristal \u00e9 a escolha ideal para quem busca uma atmosfera sofisticada e atemporal em seus projetos de interiores. <\/p>\n\n\n\n<p>Em tend\u00eancia no universo da arquitetura e design, essa combina\u00e7\u00e3o harmoniza tradi\u00e7\u00e3o e inova\u00e7\u00e3o, criando ambientes de alto padr\u00e3o que transmitem eleg\u00e2ncia. <\/p>\n\n\n\n<figure class=\"wp-block-image size-large\"><img loading=\"lazy\" decoding=\"async\" width=\"1366\" height=\"1167\" src=\"http:\/\/arquitetocaio.com\/wpcp\/wp-content\/uploads\/2025\/04\/sala-classica-com-luminaria-na-parede-e-lustre-de-cristal-2-1366x1167.jpg\" alt=\"Sala Cl\u00e1ssica com Lumin\u00e1ria na Parede e Lustre de Cristal\" class=\"wp-image-7580\" srcset=\"https:\/\/arquitetocaio.com\/wpcp\/wp-content\/uploads\/2025\/04\/sala-classica-com-luminaria-na-parede-e-lustre-de-cristal-2-1366x1167.jpg 1366w, https:\/\/arquitetocaio.com\/wpcp\/wp-content\/uploads\/2025\/04\/sala-classica-com-luminaria-na-parede-e-lustre-de-cristal-2-684x584.jpg 684w, https:\/\/arquitetocaio.com\/wpcp\/wp-content\/uploads\/2025\/04\/sala-classica-com-luminaria-na-parede-e-lustre-de-cristal-2-768x656.jpg 768w, https:\/\/arquitetocaio.com\/wpcp\/wp-content\/uploads\/2025\/04\/sala-classica-com-luminaria-na-parede-e-lustre-de-cristal-2-370x316.jpg 370w, https:\/\/arquitetocaio.com\/wpcp\/wp-content\/uploads\/2025\/04\/sala-classica-com-luminaria-na-parede-e-lustre-de-cristal-2-160x137.jpg 160w, https:\/\/arquitetocaio.com\/wpcp\/wp-content\/uploads\/2025\/04\/sala-classica-com-luminaria-na-parede-e-lustre-de-cristal-2.jpg 1920w\" sizes=\"(max-width: 1366px) 100vw, 1366px\" \/><\/figure>\n\n\n\n<p>A utiliza\u00e7\u00e3o de lumin\u00e1rias embutidas, sancas iluminadas e lustres de cristal luxuosos garante um ambiente acolhedor. As lumin\u00e1rias de parede cumprem um papel fundamental, valorizando elementos como boiseries, obras de arte e revestimentos sofisticados, enquanto o lustre de cristal se torna o ponto central do ambiente, adicionando um toque de brilho e grandiosidade.<\/p>\n\n\n\n<p>Ent\u00e3o, nossa equipe est\u00e1 pronta para te atender e te ajudar com seu&nbsp;<a href=\"https:\/\/italicohomes.com\/projetos\/\">projeto<\/a>.<\/p>\n\n\n\n<p>Nosso escrit\u00f3rio \u00e9 especialista em Sala Cl\u00e1ssica.<\/p>\n\n\n\n<figure class=\"wp-block-image size-large\"><img loading=\"lazy\" decoding=\"async\" width=\"1366\" height=\"1167\" src=\"http:\/\/arquitetocaio.com\/wpcp\/wp-content\/uploads\/2025\/04\/sala-classica-com-luminaria-na-parede-e-lustre-de-cristal-1-1366x1167.jpg\" alt=\"Sala Cl\u00e1ssica com Lumin\u00e1ria na Parede e Lustre de Cristal\" class=\"wp-image-7579\" srcset=\"https:\/\/arquitetocaio.com\/wpcp\/wp-content\/uploads\/2025\/04\/sala-classica-com-luminaria-na-parede-e-lustre-de-cristal-1-1366x1167.jpg 1366w, https:\/\/arquitetocaio.com\/wpcp\/wp-content\/uploads\/2025\/04\/sala-classica-com-luminaria-na-parede-e-lustre-de-cristal-1-684x584.jpg 684w, https:\/\/arquitetocaio.com\/wpcp\/wp-content\/uploads\/2025\/04\/sala-classica-com-luminaria-na-parede-e-lustre-de-cristal-1-768x656.jpg 768w, https:\/\/arquitetocaio.com\/wpcp\/wp-content\/uploads\/2025\/04\/sala-classica-com-luminaria-na-parede-e-lustre-de-cristal-1-370x316.jpg 370w, https:\/\/arquitetocaio.com\/wpcp\/wp-content\/uploads\/2025\/04\/sala-classica-com-luminaria-na-parede-e-lustre-de-cristal-1-160x137.jpg 160w, https:\/\/arquitetocaio.com\/wpcp\/wp-content\/uploads\/2025\/04\/sala-classica-com-luminaria-na-parede-e-lustre-de-cristal-1.jpg 1920w\" sizes=\"(max-width: 1366px) 100vw, 1366px\" \/><\/figure>\n\n\n\n<p>Dessa forma, se gostou desse projeto, nos chame em nosso <a href=\"https:\/\/api.whatsapp.com\/send\/?phone=5519981337909&amp;text=Ol%C3%A1%2C+gostaria+de+saber+mais+sobre+os+servi%C3%A7os+da+Italico&amp;app_absent=0\">WhatsApp,<\/a> vamos conversar sobre sua futura casa.<\/p>\n\n\n\n<p>Para garantir um projeto de interiores diferenciado, \u00e9 essencial trabalhar a lumin\u00e1ria de forma estrat\u00e9gica, combinando luz direta e indireta para criar diferentes cen\u00e1rios. <\/p>\n\n\n\n<p>Al\u00e9m disso, integrar sistemas de automa\u00e7\u00e3o, como dimmers e controle de intensidade por voz, potencializa a experi\u00eancia sensorial. <\/p>\n\n\n\n<p>Veja tamb\u00e9m esse <a href=\"https:\/\/www.youtube.com\/watch?v=dLD1_l3XLiQ\">projeto de design de interiores<\/a>!<\/p>\n\n\n\n<figure class=\"wp-block-image size-large\"><img loading=\"lazy\" decoding=\"async\" width=\"1366\" height=\"1167\" src=\"http:\/\/arquitetocaio.com\/wpcp\/wp-content\/uploads\/2025\/04\/sala-classica-com-luminaria-na-parede-e-lustre-de-cristal-3-1366x1167.jpg\" alt=\"Sala Cl\u00e1ssica com Lumin\u00e1ria na Parede e Lustre de Cristal\" class=\"wp-image-7581\" srcset=\"https:\/\/arquitetocaio.com\/wpcp\/wp-content\/uploads\/2025\/04\/sala-classica-com-luminaria-na-parede-e-lustre-de-cristal-3-1366x1167.jpg 1366w, https:\/\/arquitetocaio.com\/wpcp\/wp-content\/uploads\/2025\/04\/sala-classica-com-luminaria-na-parede-e-lustre-de-cristal-3-684x584.jpg 684w, https:\/\/arquitetocaio.com\/wpcp\/wp-content\/uploads\/2025\/04\/sala-classica-com-luminaria-na-parede-e-lustre-de-cristal-3-768x656.jpg 768w, https:\/\/arquitetocaio.com\/wpcp\/wp-content\/uploads\/2025\/04\/sala-classica-com-luminaria-na-parede-e-lustre-de-cristal-3-370x316.jpg 370w, https:\/\/arquitetocaio.com\/wpcp\/wp-content\/uploads\/2025\/04\/sala-classica-com-luminaria-na-parede-e-lustre-de-cristal-3-160x137.jpg 160w, https:\/\/arquitetocaio.com\/wpcp\/wp-content\/uploads\/2025\/04\/sala-classica-com-luminaria-na-parede-e-lustre-de-cristal-3.jpg 1920w\" sizes=\"(max-width: 1366px) 100vw, 1366px\" \/><\/figure>\n\n\n\n<p>Investir em uma sala cl\u00e1ssica com lumin\u00e1ria na parede e lustre de cristal \u00e9, portanto, uma excelente forma de criar espa\u00e7os memor\u00e1veis e de impacto.<\/p>\n\n\n\n<p>Entre em contato agora mesmo atrav\u00e9s do&nbsp;WhatsApp: (19) 98133-7909 ou Clique no Link&nbsp;<a href=\"https:\/\/wa.me\/5519981337909\">https:\/\/wa.me\/5519981337909<\/a><\/p>\n\n\n\n<h3 class=\"wp-block-heading\">Al\u00e9m disso, conhe\u00e7a tamb\u00e9m nossas redes sociais:<\/h3>\n\n\n\n<p><a href=\"https:\/\/www.youtube.com\/c\/ItalicoSpecialHomes\/videos\">Youtube<\/a><\/p>\n\n\n\n<p><a href=\"https:\/\/www.instagram.com\/italicohomes\/\">Instagram<\/a><\/p>\n\n\n\n<p><a href=\"https:\/\/br.pinterest.com\/italicohomes\/_created\/\">Pinterest<\/a><\/p>\n\n\n\n<p>Queremos te ajudar a fazer o projeto dos seus sonhos.<\/p>\n\n\n\n<p>Veja tamb\u00e9m outros Projetos para Sala Cl\u00e1ssica em nosso <a href=\"https:\/\/italicohomes.com\/\">site.<\/a><\/p>\n","protected":false},"excerpt":{"rendered":"<p>Se voc\u00ea esta buscando Sala Cl\u00e1ssica com Lumin\u00e1ria na Parede e Lustre de Cristal, ent\u00e3o voc\u00ea est\u00e1 no melhor site! A sala cl\u00e1ssica com lumin\u00e1ria na parede e lustre de cristal \u00e9 a escolha ideal para quem busca uma atmosfera sofisticada e atemporal em seus projetos de interiores. Em tend\u00eancia no universo da arquitetura e design, essa combina\u00e7\u00e3o harmoniza tradi\u00e7\u00e3o&#8230;<\/p>\n","protected":false},"author":4514,"featured_media":0,"comment_status":"closed","ping_status":"closed","sticky":false,"template":"","format":"standard","meta":{"footnotes":""},"categories":[2840,3571,1853,145,515,681,104,92,803],"tags":[1337,3577,2321,1315,3578,434,316,46,1339,111,731,3579,1974,3582],"_links":{"self":[{"href":"https:\/\/arquitetocaio.com\/wpcp\/wp-json\/wp\/v2\/posts\/7578"}],"collection":[{"href":"https:\/\/arquitetocaio.com\/wpcp\/wp-json\/wp\/v2\/posts"}],"about":[{"href":"https:\/\/arquitetocaio.com\/wpcp\/wp-json\/wp\/v2\/types\/post"}],"author":[{"embeddable":true,"href":"https:\/\/arquitetocaio.com\/wpcp\/wp-json\/wp\/v2\/users\/4514"}],"replies":[{"embeddable":true,"href":"https:\/\/arquitetocaio.com\/wpcp\/wp-json\/wp\/v2\/comments?post=7578"}],"version-history":[{"count":1,"href":"https:\/\/arquitetocaio.com\/wpcp\/wp-json\/wp\/v2\/posts\/7578\/revisions"}],"predecessor-version":[{"id":7582,"href":"https:\/\/arquitetocaio.com\/wpcp\/wp-json\/wp\/v2\/posts\/7578\/revisions\/7582"}],"wp:attachment":[{"href":"https:\/\/arquitetocaio.com\/wpcp\/wp-json\/wp\/v2\/media?parent=7578"}],"wp:term":[{"taxonomy":"category","embeddable":true,"href":"https:\/\/arquitetocaio.com\/wpcp\/wp-json\/wp\/v2\/categories?post=7578"},{"taxonomy":"post_tag","embeddable":true,"href":"https:\/\/arquitetocaio.com\/wpcp\/wp-json\/wp\/v2\/tags?post=7578"}],"curies":[{"name":"wp","href":"https:\/\/api.w.org\/{rel}","templated":true}]}}