{"id":5002,"date":"2018-05-16T08:32:07","date_gmt":"2018-05-16T11:32:07","guid":{"rendered":"http:\/\/arquitetocaio.com.br\/?p=5002"},"modified":"2018-05-19T08:52:40","modified_gmt":"2018-05-19T11:52:40","slug":"casa-terrea-com-pe-direito-duplo-nos-ambientes-sociais-e-linhas-contemporaneas-e-retas","status":"publish","type":"post","link":"https:\/\/arquitetocaio.com\/wpcp\/casa-terrea-com-pe-direito-duplo-nos-ambientes-sociais-e-linhas-contemporaneas-e-retas\/","title":{"rendered":"Casa t\u00e9rrea com p\u00e9 direito duplo nos ambientes sociais e linhas contempor\u00e2neas e retas."},"content":{"rendered":"<h1>Casa t\u00e9rrea com p\u00e9 direito duplo nos ambientes sociais e linhas contempor\u00e2neas e retas.<\/h1>\n<p>Confira mais esse projeto feito pelo Escritorio de Arquitetura e Interiores Caio Pelisson,<br \/>\n<img decoding=\"async\" src=\"https:\/\/scontent.cdninstagram.com\/vp\/4064841e3308774859f3770b8ddc3d19\/5B9B45A5\/t51.2885-15\/s640x640\/sh0.08\/e35\/31525874_228487584575558_8600681991743995904_n.jpg\" \/><\/p>\n<p><a>Source<\/a><br \/>\nVeja esse e mais de 1000 Projetos de Arquitetura e Design de Interiores em nosso site www.arquitetocaio.com.br<br \/>\nacompanhe nossos projetos em nosso Canal no Youtube<br \/>\ne pelas redes sociais<br \/>\nInstagram<br \/>\nFacebook<br \/>\nPinterest<\/p>\n<p>Atendemos em todo Brasil<\/p>\n<p>entre em contato conosco pelo email contato@arquitetocaio.com ou pelo telefone 19 3702.2238 e tambem pelo whatsapp 19 981337909.<\/p>\n","protected":false},"excerpt":{"rendered":"<p>Casa t\u00e9rrea com p\u00e9 direito duplo nos ambientes sociais e linhas contempor\u00e2neas e retas.<\/p>\n","protected":false},"author":1,"featured_media":5020,"comment_status":"open","ping_status":"open","sticky":false,"template":"","format":"standard","meta":{"footnotes":""},"categories":[38,39,174,197,1290],"tags":[2584,632,1406,522,2583,1401,2569,2576,2582,2572,617,2595,2596,2597,2598,2599,2600,317,282,2090,1911,2593,177,986,2591,2058,111,2586,2587,476,1394,788,2592,2574,2575,2633,2581,1604,2573,2570,2589,103,2585,1063,319,2630,2487,2594,2571,990,2590,2588,2632,2268,2631],"_links":{"self":[{"href":"https:\/\/arquitetocaio.com\/wpcp\/wp-json\/wp\/v2\/posts\/5002"}],"collection":[{"href":"https:\/\/arquitetocaio.com\/wpcp\/wp-json\/wp\/v2\/posts"}],"about":[{"href":"https:\/\/arquitetocaio.com\/wpcp\/wp-json\/wp\/v2\/types\/post"}],"author":[{"embeddable":true,"href":"https:\/\/arquitetocaio.com\/wpcp\/wp-json\/wp\/v2\/users\/1"}],"replies":[{"embeddable":true,"href":"https:\/\/arquitetocaio.com\/wpcp\/wp-json\/wp\/v2\/comments?post=5002"}],"version-history":[{"count":3,"href":"https:\/\/arquitetocaio.com\/wpcp\/wp-json\/wp\/v2\/posts\/5002\/revisions"}],"predecessor-version":[{"id":5033,"href":"https:\/\/arquitetocaio.com\/wpcp\/wp-json\/wp\/v2\/posts\/5002\/revisions\/5033"}],"wp:featuredmedia":[{"embeddable":true,"href":"https:\/\/arquitetocaio.com\/wpcp\/wp-json\/wp\/v2\/media\/5020"}],"wp:attachment":[{"href":"https:\/\/arquitetocaio.com\/wpcp\/wp-json\/wp\/v2\/media?parent=5002"}],"wp:term":[{"taxonomy":"category","embeddable":true,"href":"https:\/\/arquitetocaio.com\/wpcp\/wp-json\/wp\/v2\/categories?post=5002"},{"taxonomy":"post_tag","embeddable":true,"href":"https:\/\/arquitetocaio.com\/wpcp\/wp-json\/wp\/v2\/tags?post=5002"}],"curies":[{"name":"wp","href":"https:\/\/api.w.org\/{rel}","templated":true}]}}