{"id":4770,"date":"2018-03-12T14:46:06","date_gmt":"2018-03-12T17:46:06","guid":{"rendered":"http:\/\/arquitetocaio.com.br\/?p=4770"},"modified":"2018-03-12T14:46:06","modified_gmt":"2018-03-12T17:46:06","slug":"qual-diferenca-entre-um-projeto-arquitetonico-e-um-projeto-estrutural","status":"publish","type":"post","link":"https:\/\/arquitetocaio.com\/wpcp\/qual-diferenca-entre-um-projeto-arquitetonico-e-um-projeto-estrutural\/","title":{"rendered":"Qual a Diferen\u00e7a entre um Projeto Arquitet\u00f4nico e um Projeto Estrutural"},"content":{"rendered":"<h1>Qual a Diferen\u00e7a entre um Projeto Arquitet\u00f4nico e um Projeto Estrutural<\/h1>\n<p>Conhe\u00e7a Qual a Diferen\u00e7a entre um Projeto Arquitet\u00f4nico e um Projeto Estrutural, comentado por um profissional com mais de 15 anos de experiencia.<\/p>\n<p>E mais de 1000 Projetos.<\/p>\n<p>Primeiro Vamos falar oque deve incluir em cada um dos tipos de Projeto.<\/p>\n<p>Projeto Arquitetonico<\/p>\n<div id=\"attachment_4731\" style=\"width: 694px\" class=\"wp-caption alignnone\"><a href=\"http:\/\/arquitetocaio.com.br\/projeto-construcao-casa-terrea-11x28-com-170-metros-fachada-moderna\/projeto-casa-terrea-condominio-terras-sao-bento-terreno-plano-11x28-150-metros-2\/\" rel=\"attachment wp-att-4731\"><img loading=\"lazy\" decoding=\"async\" aria-describedby=\"caption-attachment-4731\" class=\"projeto arquitetonico wp-image-4731 size-medium\" title=\"projeto arquitetonico\" src=\"http:\/\/arquitetocaio.com\/wpcp\/wp-content\/uploads\/2018\/03\/projeto-casa-terrea-condominio-terras-sao-bento-terreno-plano-11x28-150-metros--684x385.jpg\" alt=\"projeto casa t\u00e9rrea condom\u00ednio terras sao bento terreno plano 11x28\" width=\"684\" height=\"385\" srcset=\"https:\/\/arquitetocaio.com\/wpcp\/wp-content\/uploads\/2018\/03\/projeto-casa-terrea-condominio-terras-sao-bento-terreno-plano-11x28-150-metros--684x385.jpg 684w, https:\/\/arquitetocaio.com\/wpcp\/wp-content\/uploads\/2018\/03\/projeto-casa-terrea-condominio-terras-sao-bento-terreno-plano-11x28-150-metros--768x432.jpg 768w, https:\/\/arquitetocaio.com\/wpcp\/wp-content\/uploads\/2018\/03\/projeto-casa-terrea-condominio-terras-sao-bento-terreno-plano-11x28-150-metros--370x208.jpg 370w, https:\/\/arquitetocaio.com\/wpcp\/wp-content\/uploads\/2018\/03\/projeto-casa-terrea-condominio-terras-sao-bento-terreno-plano-11x28-150-metros--160x90.jpg 160w, https:\/\/arquitetocaio.com\/wpcp\/wp-content\/uploads\/2018\/03\/projeto-casa-terrea-condominio-terras-sao-bento-terreno-plano-11x28-150-metros-.jpg 900w\" sizes=\"(max-width: 684px) 100vw, 684px\" \/><\/a><p id=\"caption-attachment-4731\" class=\"wp-caption-text\">projeto casa t\u00e9rrea condom\u00ednio terras sao bento terreno plano 11&#215;28<\/p><\/div>\n<p>Em um projeto Arquitet\u00f4nico devem estar inclusos os itens abaixo:<\/p>\n<p>Plano de Massas<\/p>\n<p>Estudo Preliminar<\/p>\n<p>Anteprojeto<\/p>\n<p>Projeto Humanizado<\/p>\n<p>Projeto de Fachada<\/p>\n<p>Projeto de Cobertura ou Telhado<\/p>\n<p>Projeto de Implanta\u00e7\u00e3o<\/p>\n<p>Cortes<\/p>\n<p>Eleva\u00e7oes<\/p>\n<p>J\u00e1 em um Projeto Estrutural devem conter os seguintes itens:<\/p>\n<p>Conceito Estrutural<\/p>\n<p>Projeto da Funda\u00e7\u00e3o<\/p>\n<p>Projeto das Vigas Baldrame<\/p>\n<p>Projeto de Pilares<\/p>\n<p>Projeto de Vigas<\/p>\n<p>Dimensionamento de Ferragens<\/p>\n<p>Projeto de Lajes<\/p>\n<p>Projeto de Cobertura (estrutural)<\/p>\n<p>Est\u00e1 pensando em construir?\u00a0 ainda n\u00e3o escolheu o seu profissional?<\/p>\n<p>ent\u00e3o fa\u00e7a um or\u00e7amento conosco<\/p>\n<p>entre em contato pelo email: contato@arquitetocaio.com ou pelo whatsapp 19 981337909<\/p>\n<p>Atendemos em todo Brasil.<\/p>\n<div id=\"attachment_4768\" style=\"width: 269px\" class=\"wp-caption alignnone\"><a href=\"www.arquitetocaio.com.br\"><img loading=\"lazy\" decoding=\"async\" aria-describedby=\"caption-attachment-4768\" class=\"projeto arquitetonico wp-image-4768 size-full\" title=\"projeto arquitetonico\" src=\"http:\/\/arquitetocaio.com\/wpcp\/wp-content\/uploads\/2018\/03\/estrutural-bloco-modular.jpg\" alt=\"projeto arquitetonico\" width=\"259\" height=\"194\" srcset=\"https:\/\/arquitetocaio.com\/wpcp\/wp-content\/uploads\/2018\/03\/estrutural-bloco-modular.jpg 259w, https:\/\/arquitetocaio.com\/wpcp\/wp-content\/uploads\/2018\/03\/estrutural-bloco-modular-160x120.jpg 160w\" sizes=\"(max-width: 259px) 100vw, 259px\" \/><\/a><p id=\"caption-attachment-4768\" class=\"wp-caption-text\">projeto arquitetonico<\/p><\/div>\n<h2>Agora vamos ver\u00a0Qual a Diferen\u00e7a entre um Projeto Arquitet\u00f4nico e um Projeto Estrutural<\/h2>\n<p>Um projeto Arquitet\u00f4nico tem que ser feito antes do projeto Estrutural, ou seja o Arquitet\u00f4nico \u00e9 o primeiro item.<\/p>\n<p>Apos a defini\u00e7\u00e3o do conceito Arquitet\u00f4nico, o ideal \u00e9 j\u00e1 consultar um engenheiro para analise estrutural. No caso de nosso escrit\u00f3rio temos engenheiros que trabalham conosco e por isso podemos oferecer um pacote completo.<\/p>\n<p><a href=\"http:\/\/arquitetocaio.com.br\/2018_03-_05-wesley-e-laura-estrutural-gabarito-e-viga-baldrame-imagem-01\/\"><img loading=\"lazy\" decoding=\"async\" class=\"alignnone size-medium wp-image-4769\" src=\"http:\/\/arquitetocaio.com\/wpcp\/wp-content\/uploads\/2018\/03\/2018_03-_05-WESLEY-E-LAURA-ESTRUTURAL-GABARITO-E-VIGA-BALDRAME-IMAGEM-01-684x438.jpg\" alt=\"\" width=\"684\" height=\"438\" srcset=\"https:\/\/arquitetocaio.com\/wpcp\/wp-content\/uploads\/2018\/03\/2018_03-_05-WESLEY-E-LAURA-ESTRUTURAL-GABARITO-E-VIGA-BALDRAME-IMAGEM-01-684x438.jpg 684w, https:\/\/arquitetocaio.com\/wpcp\/wp-content\/uploads\/2018\/03\/2018_03-_05-WESLEY-E-LAURA-ESTRUTURAL-GABARITO-E-VIGA-BALDRAME-IMAGEM-01-768x492.jpg 768w, https:\/\/arquitetocaio.com\/wpcp\/wp-content\/uploads\/2018\/03\/2018_03-_05-WESLEY-E-LAURA-ESTRUTURAL-GABARITO-E-VIGA-BALDRAME-IMAGEM-01-370x237.jpg 370w, https:\/\/arquitetocaio.com\/wpcp\/wp-content\/uploads\/2018\/03\/2018_03-_05-WESLEY-E-LAURA-ESTRUTURAL-GABARITO-E-VIGA-BALDRAME-IMAGEM-01-160x103.jpg 160w, https:\/\/arquitetocaio.com\/wpcp\/wp-content\/uploads\/2018\/03\/2018_03-_05-WESLEY-E-LAURA-ESTRUTURAL-GABARITO-E-VIGA-BALDRAME-IMAGEM-01.jpg 835w\" sizes=\"(max-width: 684px) 100vw, 684px\" \/><\/a><\/p>\n<p>esse \u00e9 um projeto de gabarito de funda\u00e7\u00e3o, ou seja \u00e9 a marca\u00e7\u00e3o de onde devem ficar as estacas e a viga baldrame dentro do terreno do cliente de acordo com o projeto de arquitetura.<\/p>\n<p><a href=\"http:\/\/arquitetocaio.com.br\/projeto-estrutural-concreto\/\"><img loading=\"lazy\" decoding=\"async\" class=\"alignnone size-full wp-image-4767\" src=\"http:\/\/arquitetocaio.com\/wpcp\/wp-content\/uploads\/2018\/03\/projeto-estrutural-concreto.jpg\" alt=\"\" width=\"311\" height=\"162\" srcset=\"https:\/\/arquitetocaio.com\/wpcp\/wp-content\/uploads\/2018\/03\/projeto-estrutural-concreto.jpg 311w, https:\/\/arquitetocaio.com\/wpcp\/wp-content\/uploads\/2018\/03\/projeto-estrutural-concreto-160x83.jpg 160w\" sizes=\"(max-width: 311px) 100vw, 311px\" \/><\/a><\/p>\n<p>ent\u00e3o fa\u00e7a um or\u00e7amento conosco<\/p>\n<p>entre em contato pelo email: contato@arquitetocaio.com ou pelo whatsapp 19 981337909<\/p>\n<p>Atendemos em todo Brasil.<\/p>\n","protected":false},"excerpt":{"rendered":"<p>Qual a Diferen\u00e7a entre um Projeto Arquitet\u00f4nico e um Projeto Estrutural Conhe\u00e7a Qual a Diferen\u00e7a entre um Projeto Arquitet\u00f4nico e um Projeto Estrutural, comentado por um profissional com mais de 15 anos de experiencia. E mais de 1000 Projetos. Primeiro Vamos falar oque deve incluir em cada um dos tipos de Projeto. Projeto Arquitetonico Em um projeto Arquitet\u00f4nico devem estar&#8230;<\/p>\n","protected":false},"author":2,"featured_media":4769,"comment_status":"open","ping_status":"open","sticky":false,"template":"","format":"standard","meta":{"footnotes":""},"categories":[1967,1853,145,1968,38,39,128,160,161],"tags":[2726,2722,2730,2735,2721,2727,2737,2728,2731,2732,2502,2724,33,2736,2723,2733,2734,2729,2725,2720],"_links":{"self":[{"href":"https:\/\/arquitetocaio.com\/wpcp\/wp-json\/wp\/v2\/posts\/4770"}],"collection":[{"href":"https:\/\/arquitetocaio.com\/wpcp\/wp-json\/wp\/v2\/posts"}],"about":[{"href":"https:\/\/arquitetocaio.com\/wpcp\/wp-json\/wp\/v2\/types\/post"}],"author":[{"embeddable":true,"href":"https:\/\/arquitetocaio.com\/wpcp\/wp-json\/wp\/v2\/users\/2"}],"replies":[{"embeddable":true,"href":"https:\/\/arquitetocaio.com\/wpcp\/wp-json\/wp\/v2\/comments?post=4770"}],"version-history":[{"count":1,"href":"https:\/\/arquitetocaio.com\/wpcp\/wp-json\/wp\/v2\/posts\/4770\/revisions"}],"predecessor-version":[{"id":4771,"href":"https:\/\/arquitetocaio.com\/wpcp\/wp-json\/wp\/v2\/posts\/4770\/revisions\/4771"}],"wp:featuredmedia":[{"embeddable":true,"href":"https:\/\/arquitetocaio.com\/wpcp\/wp-json\/wp\/v2\/media\/4769"}],"wp:attachment":[{"href":"https:\/\/arquitetocaio.com\/wpcp\/wp-json\/wp\/v2\/media?parent=4770"}],"wp:term":[{"taxonomy":"category","embeddable":true,"href":"https:\/\/arquitetocaio.com\/wpcp\/wp-json\/wp\/v2\/categories?post=4770"},{"taxonomy":"post_tag","embeddable":true,"href":"https:\/\/arquitetocaio.com\/wpcp\/wp-json\/wp\/v2\/tags?post=4770"}],"curies":[{"name":"wp","href":"https:\/\/api.w.org\/{rel}","templated":true}]}}