{"id":4177,"date":"2017-11-02T15:35:52","date_gmt":"2017-11-02T18:35:52","guid":{"rendered":"http:\/\/arquitetocaio.com.br\/?p=4177"},"modified":"2017-11-02T15:35:52","modified_gmt":"2017-11-02T18:35:52","slug":"10-fachadas-classicas-maravilhosamente-detalhadas-para-inspirar-voce","status":"publish","type":"post","link":"https:\/\/arquitetocaio.com\/wpcp\/10-fachadas-classicas-maravilhosamente-detalhadas-para-inspirar-voce\/","title":{"rendered":"10 fachadas cl\u00e1ssicas maravilhosamente detalhadas para inspirar voc\u00ea"},"content":{"rendered":"<div class=\"text text-container -mb-line-\">\n<div id=\"attachment_3236\" style=\"width: 694px\" class=\"wp-caption alignnone\"><a href=\"http:\/\/arquitetocaio.com.br\/casa-classica-estilo-francesa\/projeto-sobrado-classico-arquitetura-francesa-estilo-europeu-alto-padrao-luxo-17x37-campinas-pedra-alta-1-2\/\" rel=\"attachment wp-att-3236\"><img loading=\"lazy\" decoding=\"async\" aria-describedby=\"caption-attachment-3236\" class=\"size-medium wp-image-3236\" src=\"http:\/\/arquitetocaio.com\/wpcp\/wp-content\/uploads\/2017\/05\/projeto-sobrado-classico-arquitetura-francesa-estilo-europeu-alto-padrao-luxo-17x37-campinas-pedra-alta-1-684x572.png\" alt=\"projeto sobrado cl\u00e1ssico arquitetura francesa estilo europeu alto padr\u00e3o luxo 17x37 campinas pedra alta\" width=\"684\" height=\"572\" \/><\/a><p id=\"caption-attachment-3236\" class=\"wp-caption-text\">projeto sobrado cl\u00e1ssico arquitetura francesa estilo europeu alto padr\u00e3o luxo 17&#215;37 campinas pedra alta<\/p><\/div>\n<p style=\"text-align: left;\">Existem v\u00e1rios estilos que se podem adotar ao projetar uma casa.\u00a0Dependendo da prefer\u00eancia e estilo de vida dos moradores da propriedade, o estilo da casa pode ser determinado.\u00a0Pode ser estilo cl\u00e1ssico, tradicional ou estilo moderno e minimalista.<\/p>\n<p style=\"text-align: left;\">Design cl\u00e1ssico e arquitetura tem seu estilo \u00fanico, que \u00e9 bastante elaborado e decorativo com detalhes completos.\u00a0Os estilos arquitet\u00f4nicos romanos e gregos com toques neocl\u00e1ssicos s\u00e3o exemplos perfeitos de projetos arquitet\u00f4nicos cl\u00e1ssicos.\u00a0V\u00e1rios tipos de elementos cl\u00e1ssicos e art\u00edsticos s\u00e3o integrados neste estilo tornando-se grande.\u00a0\u00c9 interessante notar que, mesmo nos tempos atuais;\u00a0Muitas caracter\u00edsticas cl\u00e1ssicas s\u00e3o integradas em edif\u00edcios e estruturas contempor\u00e2neas, particularmente nas diversas \u00e1reas residenciais.<\/p>\n<p style=\"text-align: left;\">Mencionados abaixo s\u00e3o alguns \u00f3timos projetos e id\u00e9ias onde os estilos arquitet\u00f4nicos cl\u00e1ssicos foram integrados em propriedades, tornando-os espl\u00eandidos e soberbos.\u00a0Confira as fachadas dos edif\u00edcios e voc\u00ea n\u00e3o ficar\u00e1 menos que surpreendido.<\/p>\n<\/div>\n<div class=\"ideabook--items\">\n<div class=\"ideabook--item ideabook-photo -landscape -mb-line-\" data-photo=\"1990332\">\n<h2 class=\"text-container subheading -mt-line- -centered-\" style=\"text-align: left;\">1. Re-leitura do estilo cl\u00e1ssico<\/h2>\n<div id=\"attachment_3871\" style=\"width: 694px\" class=\"wp-caption alignnone\"><a class=\"10 fachadas cl\u00e1ssicas maravilhosamente detalhadas para inspirar voc\u00ea\" href=\"http:\/\/arquitetocaio.com.br\/projetos-de-arquitetura-classica-e-arquitetura-neoclassica\/\" target=\"_blank\" rel=\"10 fachadas cl\u00e1ssicas maravilhosamente detalhadas para inspirar voc\u00ea noopener\"><img loading=\"lazy\" decoding=\"async\" aria-describedby=\"caption-attachment-3871\" class=\"10 fachadas cl\u00e1ssicas maravilhosamente detalhadas para inspirar voc\u00ea wp-image-3871 size-medium\" title=\"10 fachadas cl\u00e1ssicas maravilhosamente detalhadas para inspirar voc\u00ea\" src=\"http:\/\/arquitetocaio.com\/wpcp\/wp-content\/uploads\/2017\/09\/projeto-casa-neoclassica-estilo-frances-fachada-mansard-shingle--684x385.jpg\" alt=\"projeto casa neocl\u00e1ssica estilo franc\u00eas fachada mansard\" width=\"684\" height=\"385\" srcset=\"https:\/\/arquitetocaio.com\/wpcp\/wp-content\/uploads\/2017\/09\/projeto-casa-neoclassica-estilo-frances-fachada-mansard-shingle--684x385.jpg 684w, https:\/\/arquitetocaio.com\/wpcp\/wp-content\/uploads\/2017\/09\/projeto-casa-neoclassica-estilo-frances-fachada-mansard-shingle--768x432.jpg 768w, https:\/\/arquitetocaio.com\/wpcp\/wp-content\/uploads\/2017\/09\/projeto-casa-neoclassica-estilo-frances-fachada-mansard-shingle--370x208.jpg 370w, https:\/\/arquitetocaio.com\/wpcp\/wp-content\/uploads\/2017\/09\/projeto-casa-neoclassica-estilo-frances-fachada-mansard-shingle--160x90.jpg 160w, https:\/\/arquitetocaio.com\/wpcp\/wp-content\/uploads\/2017\/09\/projeto-casa-neoclassica-estilo-frances-fachada-mansard-shingle-.jpg 900w\" sizes=\"(max-width: 684px) 100vw, 684px\" \/><\/a><p id=\"caption-attachment-3871\" class=\"wp-caption-text\">projeto casa neocl\u00e1ssica estilo franc\u00eas fachada mansard<\/p><\/div>\n<div class=\"ideabook--item ideabook-photo -landscape -mb-line-\" data-photo=\"1990332\">\n<div class=\"text-container text -mt-line-\">\n<p>A primeira express\u00e3o que vem depois de dar uma olhada na fachada \u00e9 uau!\u00a0Esta fachada tem elementos de arquitetura colonial t\u00edpica e um estilo cl\u00e1ssico, que nunca pode ser desatualizado.\u00a0O que contribui para o estilo cl\u00e1ssico \u00e9 o uso de tons neutros e os pilares trabalhados, juntamente com as t\u00e9cnicas construtivas que s\u00e3o comumente vistas nas estruturas da Col\u00f4nia no Brasil.\u00a0O antigo estilo arquitet\u00f4nico combinou perfeitamente com todo o cen\u00e1rio na fachada.<\/p>\n<\/div>\n<\/div>\n<div class=\"postbank-configurator\"><\/div>\n<div class=\"ideabook--item ideabook-photo -landscape -mb-line-\" data-photo=\"1990319\">\n<h2 class=\"text-container subheading -mt-line- -centered-\">2. Entablamento &#8211; adicionando detalhes cl\u00e1ssicos<\/h2>\n<div id=\"attachment_3236\" style=\"width: 694px\" class=\"wp-caption alignnone\"><a class=\"10 fachadas cl\u00e1ssicas maravilhosamente detalhadas para inspirar voc\u00ea\" href=\"http:\/\/arquitetocaio.com.br\/projetos-de-arquitetura-classica-e-arquitetura-neoclassica\/\" target=\"_blank\" rel=\"10 fachadas cl\u00e1ssicas maravilhosamente detalhadas para inspirar voc\u00ea noopener\"><img loading=\"lazy\" decoding=\"async\" aria-describedby=\"caption-attachment-3236\" class=\"10 fachadas cl\u00e1ssicas maravilhosamente detalhadas para inspirar voc\u00ea wp-image-3236 size-medium\" title=\"10 fachadas cl\u00e1ssicas maravilhosamente detalhadas para inspirar voc\u00ea\" src=\"http:\/\/arquitetocaio.com\/wpcp\/wp-content\/uploads\/2017\/05\/projeto-sobrado-classico-arquitetura-francesa-estilo-europeu-alto-padrao-luxo-17x37-campinas-pedra-alta-1-684x572.png\" alt=\"projeto sobrado cl\u00e1ssico arquitetura francesa estilo europeu alto padr\u00e3o luxo 17x37 campinas pedra alta\" width=\"684\" height=\"572\" \/><\/a><p id=\"caption-attachment-3236\" class=\"wp-caption-text\">projeto sobrado cl\u00e1ssico arquitetura francesa estilo europeu alto padr\u00e3o luxo 17&#215;37 campinas pedra alta<\/p><\/div>\n<p>O estilo cl\u00e1ssico \u00e9 definido com um conjunto de detalhes, que capturam a aten\u00e7\u00e3o.\u00a0Um desses estilos \u00e9 o entablamento, que \u00e9 um conjunto espec\u00edfico de motivos usados \u200b\u200bpara a decora\u00e7\u00e3o da fachada.\u00a0Estes detalhes podem ser vistos nos pilares e as colunas, bem como no friso e nas cornijas do edif\u00edcio.<\/p>\n<h2 class=\"text-container subheading -mt-line- -centered-\">3. O estilo perene<\/h2>\n<div id=\"attachment_2996\" style=\"width: 694px\" class=\"wp-caption alignnone\"><a class=\"10 fachadas cl\u00e1ssicas maravilhosamente detalhadas para inspirar voc\u00ea\" href=\"http:\/\/arquitetocaio.com.br\/projetos-de-arquitetura-classica-e-arquitetura-neoclassica\/\" target=\"_blank\" rel=\"10 fachadas cl\u00e1ssicas maravilhosamente detalhadas para inspirar voc\u00ea noopener\"><img loading=\"lazy\" decoding=\"async\" aria-describedby=\"caption-attachment-2996\" class=\"10 fachadas cl\u00e1ssicas maravilhosamente detalhadas para inspirar voc\u00ea wp-image-2996 size-medium\" title=\"10 fachadas cl\u00e1ssicas maravilhosamente detalhadas para inspirar voc\u00ea\" src=\"http:\/\/arquitetocaio.com\/wpcp\/wp-content\/uploads\/2017\/03\/projeto-casa-neoclassica-estilo-americano-garagem-subsolo-terreno-declive-2-684x513.png\" alt=\"projeto casa neoclassica estilo americano telhado aparente terreno declive\" width=\"684\" height=\"513\" \/><\/a><p id=\"caption-attachment-2996\" class=\"wp-caption-text\">projeto casa neoclassica estilo americano telhado aparente terreno declive<\/p><\/div>\n<div class=\"ideabook--item ideabook-photo -landscape -mb-line-\" data-photo=\"795092\">\n<div class=\"text-container text -mt-line-\">\n<p>Confira esta impressionante fachada de apar\u00eancia.\u00a0Se fosse nos velhos tempos, os detalhes teriam sido esculpidos em pedra.\u00a0Mas na constru\u00e7\u00e3o atual, o gesso \u00e9 usado para trazer os efeitos da melhor maneira.<\/p>\n<\/div>\n<\/div>\n<div class=\"ideabook--item ideabook-photo -landscape -mb-line-\" data-photo=\"1847705\">\n<h2 class=\"text-container subheading -mt-line- -centered-\">4. Arquitetura limpa e cl\u00e1ssica (Neocl\u00e1ssica)<\/h2>\n<div id=\"attachment_2813\" style=\"width: 694px\" class=\"wp-caption alignnone\"><a class=\"Arquitetura limpa e cl\u00e1ssica (Neocl\u00e1ssica)\" href=\"http:\/\/arquitetocaio.com.br\/projetos-de-arquitetura-classica-e-arquitetura-neoclassica\/\" target=\"_blank\" rel=\"Arquitetura limpa e cl\u00e1ssica (Neocl\u00e1ssica) noopener\"><img loading=\"lazy\" decoding=\"async\" aria-describedby=\"caption-attachment-2813\" class=\"Arquitetura limpa e cl\u00e1ssica (Neocl\u00e1ssica) wp-image-2813 size-medium\" title=\"Arquitetura limpa e cl\u00e1ssica (Neocl\u00e1ssica)\" src=\"http:\/\/arquitetocaio.com\/wpcp\/wp-content\/uploads\/2017\/02\/sobrado-fachada-neoclassica-projeto-inspira\u00e7ao-europea-684x513.jpg\" alt=\"sobrado fachada neoclassica projeto inspira\u00e7ao europea\" width=\"684\" height=\"513\" srcset=\"https:\/\/arquitetocaio.com\/wpcp\/wp-content\/uploads\/2017\/02\/sobrado-fachada-neoclassica-projeto-inspira\u00e7ao-europea-684x513.jpg 684w, https:\/\/arquitetocaio.com\/wpcp\/wp-content\/uploads\/2017\/02\/sobrado-fachada-neoclassica-projeto-inspira\u00e7ao-europea-768x576.jpg 768w, https:\/\/arquitetocaio.com\/wpcp\/wp-content\/uploads\/2017\/02\/sobrado-fachada-neoclassica-projeto-inspira\u00e7ao-europea-1366x1025.jpg 1366w, https:\/\/arquitetocaio.com\/wpcp\/wp-content\/uploads\/2017\/02\/sobrado-fachada-neoclassica-projeto-inspira\u00e7ao-europea-370x277.jpg 370w, https:\/\/arquitetocaio.com\/wpcp\/wp-content\/uploads\/2017\/02\/sobrado-fachada-neoclassica-projeto-inspira\u00e7ao-europea-160x120.jpg 160w, https:\/\/arquitetocaio.com\/wpcp\/wp-content\/uploads\/2017\/02\/sobrado-fachada-neoclassica-projeto-inspira\u00e7ao-europea.jpg 1600w\" sizes=\"(max-width: 684px) 100vw, 684px\" \/><\/a><p id=\"caption-attachment-2813\" class=\"wp-caption-text\">sobrado fachada neoclassica projeto inspira\u00e7ao europea<\/p><\/div>\n<p>A fachada deste edif\u00edcio tem uma apar\u00eancia muito limpa e limpa, sem nenhum problema.\u00a0O design cl\u00e1ssico tem um novo significado, pois n\u00e3o h\u00e1 nenhuma ornamenta\u00e7\u00e3o no estilo.\u00a0De fato, n\u00e3o h\u00e1 uso de materiais como granito e m\u00e1rmore, como era comum em estruturas cl\u00e1ssicas.\u00a0Embora o estilo seja cl\u00e1ssico, existe uma abordagem ao ritmo contempor\u00e2neo da vida.<\/p>\n<div class=\"ideabook--item ideabook-photo -landscape -mb-line-\" data-photo=\"467237\">\n<h2 class=\"text-container subheading -mt-line- -centered-\">5. Balan\u00e7o perfeito<\/h2>\n<div id=\"attachment_2767\" style=\"width: 694px\" class=\"wp-caption alignnone\"><a class=\"Arquitetura limpa e cl\u00e1ssica\" href=\"http:\/\/arquitetocaio.com.br\/projetos-de-arquitetura-classica-e-arquitetura-neoclassica\/\" target=\"_blank\" rel=\"Arquitetura limpa e cl\u00e1ssica noopener\"><img loading=\"lazy\" decoding=\"async\" aria-describedby=\"caption-attachment-2767\" class=\"Arquitetura limpa e cl\u00e1ssica wp-image-2767 size-medium\" title=\"Arquitetura limpa e cl\u00e1ssica\" src=\"http:\/\/arquitetocaio.com\/wpcp\/wp-content\/uploads\/2017\/02\/projeto-casa-sobrado-neoclassico-terreno-esquina-fachada-classica-3-suites-telhado-plano-684x399.jpg\" alt=\"projeto casa sobrado neoclassico terreno esquina fachada classica 3 suites telhado plano\" width=\"684\" height=\"399\" \/><\/a><p id=\"caption-attachment-2767\" class=\"wp-caption-text\">projeto casa sobrado neoclassico terreno esquina fachada classica 3 suites telhado plano<\/p><\/div>\n<div class=\"ideabook--item ideabook-photo -landscape -mb-line-\" data-photo=\"467237\">\n<div class=\"text-container text -mt-line-\">\n<p>Definir o estilo cl\u00e1ssico \u00e9 dif\u00edcil, como na maioria dos casos, leva a delimitar a ess\u00eancia do estilo.\u00a0O design cl\u00e1ssico perfeito \u00e9 quando todos os elementos est\u00e3o perfeitamente equilibrados na estrutura.\u00a0Esta estrutura \u00e9 um excelente exemplo desse tipo, onde as propor\u00e7\u00f5es e as pe\u00e7as funcionam com fluidez absoluta.\u00a0Isso \u00e9 atribu\u00eddo \u00e0s f\u00f3rmulas matem\u00e1ticas usadas ao projetar a estrutura.<\/p>\n<\/div>\n<\/div>\n<div class=\"ideabook--item ideabook-photo -landscape -mb-line-\" data-photo=\"1852594\">\n<h2 class=\"text-container subheading -mt-line- -centered-\">6. A entrada elegante da propriedade<\/h2>\n<div id=\"attachment_3252\" style=\"width: 694px\" class=\"wp-caption alignnone\"><a href=\"http:\/\/arquitetocaio.com.br\/fachadas-de-casas-neoclassicas-inspiracao-europeia\/projeto-casa-terrea-mezanino-arquitetura-estilo-neoclassica-telhado-embutido-terreno-12x34-2\/\" rel=\"attachment wp-att-3252\"><img loading=\"lazy\" decoding=\"async\" aria-describedby=\"caption-attachment-3252\" class=\"size-medium wp-image-3252\" src=\"http:\/\/arquitetocaio.com\/wpcp\/wp-content\/uploads\/2017\/05\/projeto-casa-terrea-mezanino-arquitetura-estilo-neoclassica-telhado-embutido-terreno-12x34-2-684x513.png\" alt=\"projeto casa terrea mezanino arquitetura estilo neoclassica telhado embutido terreno 12x34 Condominio Lagoa Araras\" width=\"684\" height=\"513\" \/><\/a><p id=\"caption-attachment-3252\" class=\"wp-caption-text\">projeto casa terrea mezanino arquitetura estilo neoclassica telhado embutido terreno 12&#215;34 Condominio Lagoa Araras<\/p><\/div>\n<p>O aspecto principal do estilo cl\u00e1ssico \u00e9 que ele tem que ter as propor\u00e7\u00f5es certas.\u00a0As linhas sofisticadas tornam as estruturas t\u00e3o elegantes.\u00a0Para este edif\u00edcio, confira a elegante entrada!\u00a0Existem duas colunas, que demarcam a entrada.\u00a0H\u00e1 tamb\u00e9m um atraente entablamento.\u00a0Existe uma simetria distinta para toda a estrutura, que n\u00e3o \u00e9 apenas convidativa, mas visualmente impressionante.<\/p>\n<h2 class=\"text-container subheading -mt-line- -centered-\">7. Amalgama\u00e7\u00e3o do contempor\u00e2neo e do cl\u00e1ssico<\/h2>\n<div id=\"attachment_3433\" style=\"width: 694px\" class=\"wp-caption alignnone\"><a href=\"http:\/\/arquitetocaio.com.br\/projeto-de-residencia-estilo-classico-frances\/fachada-neoclassica-casa-terrea-terreno-500-metros-condominio-arquitetura-classica-arquiteto-caio-1\/\" rel=\"attachment wp-att-3433\"><img loading=\"lazy\" decoding=\"async\" aria-describedby=\"caption-attachment-3433\" class=\"size-medium wp-image-3433\" src=\"http:\/\/arquitetocaio.com\/wpcp\/wp-content\/uploads\/2017\/06\/fachada-neoclassica-casa-terrea-terreno-500-metros-condominio-arquitetura-classica-arquiteto-caio-1-684x359.png\" alt=\"fachada neoclassica casa terrea terreno 500-metros condominio arquitetura classica arquiteto caio\" width=\"684\" height=\"359\" \/><\/a><p id=\"caption-attachment-3433\" class=\"wp-caption-text\">fachada neoclassica casa terrea terreno 500-metros condominio arquitetura classica arquiteto caio<\/p><\/div>\n<div class=\"ideabook--item ideabook-photo -landscape -mb-line-\" data-photo=\"1929105\">\n<div class=\"text-container text -mt-line-\">\n<p>Muitas pessoas pensam que dois estilos arquitet\u00f4nicos n\u00e3o podem ser combinados em um, particularmente quando eles s\u00e3o completamente diferentes.\u00a0Mas n\u00e3o \u00e9 assim.\u00a0Confira esta estrutura e veja como existe uma combina\u00e7\u00e3o perfeita do contempor\u00e2neo com o cl\u00e1ssico sem prejudicar a est\u00e9tica de qualquer maneira.\u00a0Tudo o que voc\u00ea precisa \u00e9 um bom arquiteto e designer para projetar esses exteriores.<\/p>\n<\/div>\n<\/div>\n<div class=\"ideabook--item ideabook-photo -landscape -mb-line-\" data-photo=\"1847708\">\n<h2 class=\"text-container subheading -mt-line- -centered-\">8. A entrada imponente<\/h2>\n<div id=\"attachment_2188\" style=\"width: 694px\" class=\"wp-caption alignnone\"><a href=\"http:\/\/arquitetocaio.com.br\/projetos-de-casas-classicas-estilo-americano\/projeto-casa-classica-terreno-esquina-condominio-fachada-neoclassica-6\/\" rel=\"attachment wp-att-2188\"><img loading=\"lazy\" decoding=\"async\" aria-describedby=\"caption-attachment-2188\" class=\"size-medium wp-image-2188\" src=\"http:\/\/arquitetocaio.com\/wpcp\/wp-content\/uploads\/2016\/11\/projeto-casa-classica-terreno-esquina-condominio-fachada-neoclassica-6-684x320.jpg\" alt=\"projeto casa cl\u00e1ssica terreno esquina condom\u00ednio fachada neocl\u00e1ssica Limeira\" width=\"684\" height=\"320\" \/><\/a><p id=\"caption-attachment-2188\" class=\"wp-caption-text\">projeto casa cl\u00e1ssica terreno esquina condom\u00ednio fachada neocl\u00e1ssica Limeira<\/p><\/div>\n<p>Este edif\u00edcio tem uma entrada imponente e not\u00e1vel, gra\u00e7as ao entablamento e pilastras.\u00a0Voc\u00ea pode continuar observando a bela estrutura por horas.<\/p>\n<h2 class=\"text-container subheading -mt-line- -centered-\">9. Usando a cor branca perfeitamente<\/h2>\n<div id=\"attachment_3113\" style=\"width: 694px\" class=\"wp-caption alignnone\"><a href=\"http:\/\/arquitetocaio.com.br\/projeto-reforma-casa-terrea-arquitetura-fachada-neoclassica-decoracao-estilo-americana-florida-1\/\"><img loading=\"lazy\" decoding=\"async\" aria-describedby=\"caption-attachment-3113\" class=\"size-medium wp-image-3113\" src=\"http:\/\/arquitetocaio.com\/wpcp\/wp-content\/uploads\/2017\/04\/projeto-reforma-casa-terrea-arquitetura-fachada-neoclassica-decora\u00e7ao-estilo-americana-florida-1-684x327.png\" alt=\"projeto reforma casa terrea arquitetura fachada neoclassica decora\u00e7ao estilo americana florida banheiro\" width=\"684\" height=\"327\" srcset=\"https:\/\/arquitetocaio.com\/wpcp\/wp-content\/uploads\/2017\/04\/projeto-reforma-casa-terrea-arquitetura-fachada-neoclassica-decora\u00e7ao-estilo-americana-florida-1-684x327.png 684w, https:\/\/arquitetocaio.com\/wpcp\/wp-content\/uploads\/2017\/04\/projeto-reforma-casa-terrea-arquitetura-fachada-neoclassica-decora\u00e7ao-estilo-americana-florida-1-768x367.png 768w, https:\/\/arquitetocaio.com\/wpcp\/wp-content\/uploads\/2017\/04\/projeto-reforma-casa-terrea-arquitetura-fachada-neoclassica-decora\u00e7ao-estilo-americana-florida-1-1366x653.png 1366w, https:\/\/arquitetocaio.com\/wpcp\/wp-content\/uploads\/2017\/04\/projeto-reforma-casa-terrea-arquitetura-fachada-neoclassica-decora\u00e7ao-estilo-americana-florida-1-370x176.png 370w, https:\/\/arquitetocaio.com\/wpcp\/wp-content\/uploads\/2017\/04\/projeto-reforma-casa-terrea-arquitetura-fachada-neoclassica-decora\u00e7ao-estilo-americana-florida-1-160x76.png 160w, https:\/\/arquitetocaio.com\/wpcp\/wp-content\/uploads\/2017\/04\/projeto-reforma-casa-terrea-arquitetura-fachada-neoclassica-decora\u00e7ao-estilo-americana-florida-1.png 1436w\" sizes=\"(max-width: 684px) 100vw, 684px\" \/><\/a><p id=\"caption-attachment-3113\" class=\"wp-caption-text\">projeto reforma casa terrea arquitetura fachada neoclassica decora\u00e7ao estilo americana florida banheiro<\/p><\/div>\n<div class=\"ideabook--item ideabook-photo -landscape -mb-line-\" data-photo=\"2178418\">\n<div class=\"text-container text -mt-line-\">\n<p>Se voc\u00ea verificar, voc\u00ea achar\u00e1 que a maioria dos edif\u00edcios que t\u00eam um estilo arquitet\u00f4nico cl\u00e1ssico dependem de tons claros particularmente brancos.\u00a0V\u00e1rios tipos de novas sombras vieram, v\u00e1rios tipos de projetos e estruturas surgiram, mas o que permaneceu constante \u00e9 o apelo da cor branca em edif\u00edcios de estilo cl\u00e1ssico.\u00a0Houve um momento em que o m\u00e1rmore era o principal material utilizado.\u00a0Mas agora outros materiais tamb\u00e9m est\u00e3o sendo usados, mas a cor fica branca para a fachada para esse efeito.<\/p>\n<\/div>\n<\/div>\n<div class=\"ideabook--item ideabook-photo -landscape -mb-line-\" data-photo=\"1847716\">\n<h2 class=\"text-container subheading -mt-line- -centered-\">10. Estilo de vida moderno em uma estrutura arquitet\u00f4nica cl\u00e1ssica<\/h2>\n<div id=\"attachment_3867\" style=\"width: 694px\" class=\"wp-caption alignnone\"><a href=\"http:\/\/arquitetocaio.com.br\/projeto-sala-pe-direito-duplo-estilo-neoclassica-6\/\"><img loading=\"lazy\" decoding=\"async\" aria-describedby=\"caption-attachment-3867\" class=\"size-medium wp-image-3867\" src=\"http:\/\/arquitetocaio.com\/wpcp\/wp-content\/uploads\/2017\/09\/projeto-sala-pe-direito-duplo-estilo-neoclassica-6-684x513.jpg\" alt=\"projeto sala pe direito duplo estilo neocl\u00e1ssica\" width=\"684\" height=\"513\" srcset=\"https:\/\/arquitetocaio.com\/wpcp\/wp-content\/uploads\/2017\/09\/projeto-sala-pe-direito-duplo-estilo-neoclassica-6-684x513.jpg 684w, https:\/\/arquitetocaio.com\/wpcp\/wp-content\/uploads\/2017\/09\/projeto-sala-pe-direito-duplo-estilo-neoclassica-6-768x576.jpg 768w, https:\/\/arquitetocaio.com\/wpcp\/wp-content\/uploads\/2017\/09\/projeto-sala-pe-direito-duplo-estilo-neoclassica-6-1366x1025.jpg 1366w, https:\/\/arquitetocaio.com\/wpcp\/wp-content\/uploads\/2017\/09\/projeto-sala-pe-direito-duplo-estilo-neoclassica-6-370x278.jpg 370w, https:\/\/arquitetocaio.com\/wpcp\/wp-content\/uploads\/2017\/09\/projeto-sala-pe-direito-duplo-estilo-neoclassica-6-160x120.jpg 160w, https:\/\/arquitetocaio.com\/wpcp\/wp-content\/uploads\/2017\/09\/projeto-sala-pe-direito-duplo-estilo-neoclassica-6-733x550.jpg 733w, https:\/\/arquitetocaio.com\/wpcp\/wp-content\/uploads\/2017\/09\/projeto-sala-pe-direito-duplo-estilo-neoclassica-6.jpg 1600w\" sizes=\"(max-width: 684px) 100vw, 684px\" \/><\/a><p id=\"caption-attachment-3867\" class=\"wp-caption-text\">projeto sala pe direito duplo estilo neoclassica<\/p><\/div>\n<p>Se voc\u00ea \u00e9 uma pessoa que lidera um estilo de vida moderno, voc\u00ea ainda pode viver em um lugar com design cl\u00e1ssico e estilo arquitet\u00f4nico.\u00a0Verifique esta fachada e voc\u00ea pode entender claramente o que est\u00e1 sendo dito.<\/p>\n<p>\u00c9 claro a partir dos projetos que ter uma fachada de apar\u00eancia cl\u00e1ssica \u00e9 poss\u00edvel com elementos modernos tamb\u00e9m.\u00a0Apenas o conceito eo design devem ser perfeitos.<\/p>\n<p>Confira o V\u00eddeo de algumas desses projetos em nosso canal do<a href=\"https:\/\/www.youtube.com\/channel\/UCmtxxoFYZuBOKKmHIc9kaWw\">\u00a0Youtube\u00a0<\/a><\/p>\n<p>Solicite agora or\u00e7amento para Arquiteto especializado em desenvolvimento<\/p>\n<p>de design de interiores para Apartamento Studio Compacto.<\/p>\n<p>Envie um email para contato@arquitetocaio.com ou pelo whatsapp 19 981337909<\/p>\n<p>Confira tamb\u00e9m nossos projetos de\u00a0<a href=\"http:\/\/arquitetocaio.com.br\/projetos-arquitetura-interiores-design-interior-campinas-limeira-decoradora\/\">design de interiores.<\/a><\/p>\n<p>Baixe agora mesmo nosso\u00a0E-book Manual da Obra Arquiteto d\u00e1 dicas de como gerenciar sua obra\u00a0sem stress e economizando muito.<\/p>\n<div id=\"attachment_3969\" class=\"wp-caption alignnone\">\n<p><a href=\"http:\/\/arquitetocaio.com.br\/e-book-manual-da-obra-arquiteto-da-dicas-de-como-gerenciar-sua-obra\/viajantes\/\" rel=\"attachment wp-att-4170\"><img loading=\"lazy\" decoding=\"async\" class=\"alignnone size-medium wp-image-4170\" src=\"http:\/\/arquitetocaio.com\/wpcp\/wp-content\/uploads\/2017\/10\/Viajantes-684x684.jpg\" sizes=\"(max-width: 684px) 100vw, 684px\" srcset=\"http:\/\/arquitetocaio.com\/wpcp\/wp-content\/uploads\/2017\/10\/Viajantes-684x684.jpg 684w, http:\/\/arquitetocaio.com\/wpcp\/wp-content\/uploads\/2017\/10\/Viajantes-342x342.jpg 342w, http:\/\/arquitetocaio.com\/wpcp\/wp-content\/uploads\/2017\/10\/Viajantes-768x768.jpg 768w, http:\/\/arquitetocaio.com\/wpcp\/wp-content\/uploads\/2017\/10\/Viajantes-100x100.jpg 100w, http:\/\/arquitetocaio.com\/wpcp\/wp-content\/uploads\/2017\/10\/Viajantes-370x370.jpg 370w, http:\/\/arquitetocaio.com\/wpcp\/wp-content\/uploads\/2017\/10\/Viajantes-160x160.jpg 160w, http:\/\/arquitetocaio.com\/wpcp\/wp-content\/uploads\/2017\/10\/Viajantes-480x480.jpg 480w, http:\/\/arquitetocaio.com\/wpcp\/wp-content\/uploads\/2017\/10\/Viajantes-456x456.jpg 456w, http:\/\/arquitetocaio.com\/wpcp\/wp-content\/uploads\/2017\/10\/Viajantes-120x120.jpg 120w, http:\/\/arquitetocaio.com\/wpcp\/wp-content\/uploads\/2017\/10\/Viajantes-550x550.jpg 550w, http:\/\/arquitetocaio.com\/wpcp\/wp-content\/uploads\/2017\/10\/Viajantes-266x266.jpg 266w, http:\/\/arquitetocaio.com\/wpcp\/wp-content\/uploads\/2017\/10\/Viajantes.jpg 800w\" alt=\"\" width=\"684\" height=\"684\" data-pagespeed-url-hash=\"1557744742\" \/><\/a><\/p>\n<p class=\"wp-caption-text\">E-book Manual da Obra Arquiteto d\u00e1 dicas de como gerenciar sua obra<\/p>\n<\/div>\n<\/div>\n<p>&nbsp;<\/p>\n<\/div>\n<\/div>\n<\/div>\n<\/div>\n<\/div>\n<\/div>\n<\/div>\n","protected":false},"excerpt":{"rendered":"<p>Existem v\u00e1rios estilos que se podem adotar ao projetar uma casa.\u00a0Dependendo da prefer\u00eancia e estilo de vida dos moradores da propriedade, o estilo da casa pode ser determinado.\u00a0Pode ser estilo cl\u00e1ssico, tradicional ou estilo moderno e minimalista. Design cl\u00e1ssico e arquitetura tem seu estilo \u00fanico, que \u00e9 bastante elaborado e decorativo com detalhes completos.\u00a0Os estilos arquitet\u00f4nicos romanos e gregos com&#8230;<\/p>\n","protected":false},"author":2,"featured_media":4006,"comment_status":"open","ping_status":"open","sticky":false,"template":"","format":"standard","meta":{"footnotes":""},"categories":[1967,1853,145,1968,38,39,128,515,197,104,173,172,355,803],"tags":[2209,2213,824,833,2207,783,2206,1516,2065,831,904,2210,2211,2091,907,810,896,2233,306,2231,211,1372,2232,2230,2229,1179,2194,2224,2220,2219,2212,1412,1270,2147,1346,311,881,2216,877,2070,2228,2201,2198,2235,2203,2204,1357,2196,2191,2190,2202,2192,2205,2222,2208,2218,2223,1669,2195,2193,2215,2227,2197,2225,2200,2189,2221,1898,2214,2226,2160,2234,2217,2199],"_links":{"self":[{"href":"https:\/\/arquitetocaio.com\/wpcp\/wp-json\/wp\/v2\/posts\/4177"}],"collection":[{"href":"https:\/\/arquitetocaio.com\/wpcp\/wp-json\/wp\/v2\/posts"}],"about":[{"href":"https:\/\/arquitetocaio.com\/wpcp\/wp-json\/wp\/v2\/types\/post"}],"author":[{"embeddable":true,"href":"https:\/\/arquitetocaio.com\/wpcp\/wp-json\/wp\/v2\/users\/2"}],"replies":[{"embeddable":true,"href":"https:\/\/arquitetocaio.com\/wpcp\/wp-json\/wp\/v2\/comments?post=4177"}],"version-history":[{"count":1,"href":"https:\/\/arquitetocaio.com\/wpcp\/wp-json\/wp\/v2\/posts\/4177\/revisions"}],"predecessor-version":[{"id":4178,"href":"https:\/\/arquitetocaio.com\/wpcp\/wp-json\/wp\/v2\/posts\/4177\/revisions\/4178"}],"wp:featuredmedia":[{"embeddable":true,"href":"https:\/\/arquitetocaio.com\/wpcp\/wp-json\/wp\/v2\/media\/4006"}],"wp:attachment":[{"href":"https:\/\/arquitetocaio.com\/wpcp\/wp-json\/wp\/v2\/media?parent=4177"}],"wp:term":[{"taxonomy":"category","embeddable":true,"href":"https:\/\/arquitetocaio.com\/wpcp\/wp-json\/wp\/v2\/categories?post=4177"},{"taxonomy":"post_tag","embeddable":true,"href":"https:\/\/arquitetocaio.com\/wpcp\/wp-json\/wp\/v2\/tags?post=4177"}],"curies":[{"name":"wp","href":"https:\/\/api.w.org\/{rel}","templated":true}]}}