{"id":3651,"date":"2017-07-23T20:36:56","date_gmt":"2017-07-23T23:36:56","guid":{"rendered":"http:\/\/arquitetocaio.com.br\/?p=3651"},"modified":"2017-07-23T20:36:56","modified_gmt":"2017-07-23T23:36:56","slug":"projetos-de-casas-com-garagem-subsolo-subterranea-terreno-desnivel","status":"publish","type":"post","link":"https:\/\/arquitetocaio.com\/wpcp\/projetos-de-casas-com-garagem-subsolo-subterranea-terreno-desnivel\/","title":{"rendered":"Projetos de Casas com Garagem Subsolo Subterr\u00e2nea terreno desn\u00edvel"},"content":{"rendered":"<h1>Projetos de Casas com Garagem Subsolo Subterr\u00e2nea terreno desn\u00edvel<\/h1>\n<p>Projetos de Casas com Garagem Subsolo Subterr\u00e2nea terreno desn\u00edvel<\/p>\n<div id=\"attachment_3646\" style=\"width: 694px\" class=\"wp-caption alignnone\"><a class=\"Projetos de Casas com Garagem Subsolo Subterr\u00e2nea terreno desn\u00edvel\" href=\"http:\/\/arquitetocaio.com.br\/projeto-casa-arquitetura-moderna-terreno-12x25-130-metros-03-suites-aclive-fundo-desnivel-lateral-fachada-reta\/\" target=\"_blank\" rel=\"Projetos de Casas com Garagem Subsolo Subterr\u00e2nea terreno desn\u00edvel noopener\"><img loading=\"lazy\" decoding=\"async\" aria-describedby=\"caption-attachment-3646\" class=\"Projetos de Casas com Garagem Subsolo Subterr\u00e2nea terreno desn\u00edvel wp-image-3646 size-medium\" title=\"Projetos de Casas com Garagem Subsolo Subterr\u00e2nea terreno desn\u00edvel\" src=\"http:\/\/arquitetocaio.com\/wpcp\/wp-content\/uploads\/2017\/07\/projeto-casa-arquitetura-moderna-terreno-12x25-130-metros-03-suites-aclive-fundo-desnivel-lateral-fachada-reta-684x481.jpg\" alt=\"Projetos de Casas com Garagem Subsolo Subterr\u00e2nea terreno desn\u00edvel\" width=\"684\" height=\"481\" srcset=\"https:\/\/arquitetocaio.com\/wpcp\/wp-content\/uploads\/2017\/07\/projeto-casa-arquitetura-moderna-terreno-12x25-130-metros-03-suites-aclive-fundo-desnivel-lateral-fachada-reta-684x481.jpg 684w, https:\/\/arquitetocaio.com\/wpcp\/wp-content\/uploads\/2017\/07\/projeto-casa-arquitetura-moderna-terreno-12x25-130-metros-03-suites-aclive-fundo-desnivel-lateral-fachada-reta-768x540.jpg 768w, https:\/\/arquitetocaio.com\/wpcp\/wp-content\/uploads\/2017\/07\/projeto-casa-arquitetura-moderna-terreno-12x25-130-metros-03-suites-aclive-fundo-desnivel-lateral-fachada-reta-370x260.jpg 370w, https:\/\/arquitetocaio.com\/wpcp\/wp-content\/uploads\/2017\/07\/projeto-casa-arquitetura-moderna-terreno-12x25-130-metros-03-suites-aclive-fundo-desnivel-lateral-fachada-reta-160x113.jpg 160w, https:\/\/arquitetocaio.com\/wpcp\/wp-content\/uploads\/2017\/07\/projeto-casa-arquitetura-moderna-terreno-12x25-130-metros-03-suites-aclive-fundo-desnivel-lateral-fachada-reta.jpg 900w\" sizes=\"(max-width: 684px) 100vw, 684px\" \/><\/a><p id=\"caption-attachment-3646\" class=\"wp-caption-text\">projeto casa arquitetura moderna terreno 12&#215;25 130 metros 03 su\u00edtes aclive fundo desn\u00edvel lateral<\/p><\/div>\n<div id=\"attachment_3003\" style=\"width: 694px\" class=\"wp-caption alignnone\"><a class=\"Projetos de Casas com Garagem Subsolo Subterr\u00e2nea terreno desn\u00edvel\" href=\"http:\/\/arquitetocaio.com.br\/projeto-casa-neoclassica-estilo-americano-garagem-subsolo-terreno-declive-9\/\" target=\"_blank\" rel=\"Projetos de Casas com Garagem Subsolo Subterr\u00e2nea terreno desn\u00edvel noopener\"><img loading=\"lazy\" decoding=\"async\" aria-describedby=\"caption-attachment-3003\" class=\"Projetos de Casas com Garagem Subsolo Subterr\u00e2nea terreno desn\u00edvel wp-image-3003 size-medium\" title=\"Projetos de Casas com Garagem Subsolo Subterr\u00e2nea terreno desn\u00edvel\" src=\"http:\/\/arquitetocaio.com\/wpcp\/wp-content\/uploads\/2017\/03\/projeto-casa-neoclassica-estilo-americano-garagem-subsolo-terreno-declive-9-684x513.png\" alt=\"Projetos de Casas com Garagem Subsolo Subterr\u00e2nea terreno desn\u00edvel\" width=\"684\" height=\"513\" \/><\/a><p id=\"caption-attachment-3003\" class=\"wp-caption-text\">projeto casa neoclassica estilo americano telhado aparente terreno declive<\/p><\/div>\n<div id=\"attachment_2804\" style=\"width: 694px\" class=\"wp-caption alignnone\"><a class=\"Projetos de Casas com Garagem Subsolo Subterr\u00e2nea terreno desn\u00edvel\" href=\"http:\/\/arquitetocaio.com.br\/arquitetos-em-valinhos-especializados-em-desenvolvimentos-de-projetos-residenciais\/projeto-casa-terrea-mezanino-terreno-aclive-lateral-garagem-subsolo-arquitetura-contemporanea-3\/\" target=\"_blank\" rel=\"Projetos de Casas com Garagem Subsolo Subterr\u00e2nea terreno desn\u00edvel noopener\"><img loading=\"lazy\" decoding=\"async\" aria-describedby=\"caption-attachment-2804\" class=\"Projetos de Casas com Garagem Subsolo Subterr\u00e2nea terreno desn\u00edvel wp-image-2804 size-medium\" title=\"Projetos de Casas com Garagem Subsolo Subterr\u00e2nea terreno desn\u00edvel\" src=\"http:\/\/arquitetocaio.com\/wpcp\/wp-content\/uploads\/2017\/02\/projeto-casa-terrea-mezanino-terreno-aclive-lateral-garagem-subsolo-arquitetura-contemporanea-3-684x413.png\" alt=\"Projetos de Casas com Garagem Subsolo Subterr\u00e2nea terreno desn\u00edvel\" width=\"684\" height=\"413\" \/><\/a><p id=\"caption-attachment-2804\" class=\"wp-caption-text\">Projetos de Casas com Garagem Subsolo Subterr\u00e2nea terreno desn\u00edvel<\/p><\/div>\n<div id=\"attachment_2742\" style=\"width: 694px\" class=\"wp-caption alignnone\"><a class=\"Projetos de Casas com Garagem Subsolo Subterr\u00e2nea terreno desn\u00edvel\" href=\"http:\/\/www.arquitetocaio.com.br\" target=\"_blank\" rel=\"Projetos de Casas com Garagem Subsolo Subterr\u00e2nea terreno desn\u00edvel noopener\"><img loading=\"lazy\" decoding=\"async\" aria-describedby=\"caption-attachment-2742\" class=\"Projetos de Casas com Garagem Subsolo Subterr\u00e2nea terreno desn\u00edvel wp-image-2742 size-medium\" title=\"Projetos de Casas com Garagem Subsolo Subterr\u00e2nea terreno desn\u00edvel\" src=\"http:\/\/arquitetocaio.com\/wpcp\/wp-content\/uploads\/2017\/02\/projeto-planta-casa-sobrado-moderno-contemporaneo-garagem-subterranea-arquiteto-alto-padrao-1-684x438.png\" alt=\"Projetos de Casas com Garagem Subsolo Subterr\u00e2nea terreno desn\u00edvel\" width=\"684\" height=\"438\" \/><\/a><p id=\"caption-attachment-2742\" class=\"wp-caption-text\">Projetos de Casas com Garagem Subsolo Subterr\u00e2nea terreno desn\u00edvel<\/p><\/div>\n<div id=\"attachment_2640\" style=\"width: 694px\" class=\"wp-caption alignnone\"><a class=\"Projetos de Casas com Garagem Subsolo Subterr\u00e2nea terreno desn\u00edvel\" href=\"http:\/\/www.arquitetocaio.com.br\" target=\"_blank\" rel=\"Projetos de Casas com Garagem Subsolo Subterr\u00e2nea terreno desn\u00edvel noopener\"><img loading=\"lazy\" decoding=\"async\" aria-describedby=\"caption-attachment-2640\" class=\"Projetos de Casas com Garagem Subsolo Subterr\u00e2nea terreno desn\u00edvel wp-image-2640 size-medium\" title=\"Projetos de Casas com Garagem Subsolo Subterr\u00e2nea terreno desn\u00edvel\" src=\"http:\/\/arquitetocaio.com\/wpcp\/wp-content\/uploads\/2017\/01\/projeto-casa-terrea-planta-fachada-moderna-terreno-10x30-garagem-subterranea-3-684x513.png\" alt=\"Projetos de Casas com Garagem Subsolo Subterr\u00e2nea terreno desn\u00edvel\" width=\"684\" height=\"513\" \/><\/a><p id=\"caption-attachment-2640\" class=\"wp-caption-text\">Projetos de Casas\u00a0<\/p><\/div>\n<p><a class=\"Projetos de Casas com Garagem Subsolo Subterr\u00e2nea terreno desn\u00edvel\" href=\"http:\/\/www.arquitetocaio.com.br\" target=\"_blank\" rel=\"Projetos de Casas com Garagem Subsolo Subterr\u00e2nea terreno desn\u00edvel noopener\"><img loading=\"lazy\" decoding=\"async\" class=\"Projetos de Casas com Garagem Subsolo Subterr\u00e2nea terreno desn\u00edvel wp-image-484 size-medium\" title=\"Projetos de Casas com Garagem Subsolo Subterr\u00e2nea terreno desn\u00edvel\" src=\"http:\/\/arquitetocaio.com\/wpcp\/wp-content\/uploads\/2016\/08\/projeto-arquitetura-planta-casa-sobrado-03-andares-garagem-subsolo-terreno-aclive-esquina-10x25-condominio-limeira-10-684x382.jpg\" alt=\"Projetos de Casas com Garagem Subsolo Subterr\u00e2nea terreno desn\u00edvel\" width=\"684\" height=\"382\" srcset=\"https:\/\/arquitetocaio.com\/wpcp\/wp-content\/uploads\/2016\/08\/projeto-arquitetura-planta-casa-sobrado-03-andares-garagem-subsolo-terreno-aclive-esquina-10x25-condominio-limeira-10-684x382.jpg 684w, https:\/\/arquitetocaio.com\/wpcp\/wp-content\/uploads\/2016\/08\/projeto-arquitetura-planta-casa-sobrado-03-andares-garagem-subsolo-terreno-aclive-esquina-10x25-condominio-limeira-10-768x429.jpg 768w, https:\/\/arquitetocaio.com\/wpcp\/wp-content\/uploads\/2016\/08\/projeto-arquitetura-planta-casa-sobrado-03-andares-garagem-subsolo-terreno-aclive-esquina-10x25-condominio-limeira-10-370x206.jpg 370w, https:\/\/arquitetocaio.com\/wpcp\/wp-content\/uploads\/2016\/08\/projeto-arquitetura-planta-casa-sobrado-03-andares-garagem-subsolo-terreno-aclive-esquina-10x25-condominio-limeira-10-160x89.jpg 160w, https:\/\/arquitetocaio.com\/wpcp\/wp-content\/uploads\/2016\/08\/projeto-arquitetura-planta-casa-sobrado-03-andares-garagem-subsolo-terreno-aclive-esquina-10x25-condominio-limeira-10.jpg 1104w\" sizes=\"(max-width: 684px) 100vw, 684px\" \/><\/a><\/p>\n<p>Arquitetura Moderna<\/p><\/div>\n<div id=\"attachment_282\" style=\"width: 694px\" class=\"wp-caption alignnone\"><a href=\"http:\/\/arquitetocaio.com.br\/projetos-de-casas-com-garagem-subterranea-subsolo\/projeto-casa-terrea-condominio-casal-buono-limeira-garagem-subsolo-arquiteto-limeira-fachada-desnivel\/\"><img loading=\"lazy\" decoding=\"async\" aria-describedby=\"caption-attachment-282\" class=\"wp-image-282 size-medium\" src=\"http:\/\/arquitetocaio.com\/wpcp\/wp-content\/uploads\/2016\/08\/projeto-casa-terrea-condominio-casal-buono-limeira-garagem-subsolo-arquiteto-limeira-fachada-desnivel-684x547.jpg\" alt=\"Projetos de Casas com Garagem Subsolo Subterr\u00e2nea terreno desn\u00edvel\" width=\"684\" height=\"547\" \/><\/a><p id=\"caption-attachment-282\" class=\"wp-caption-text\">projeto-casa-terrea-condominio-casal-buono-limeira-garagem-subsolo-arquiteto-limeira-fachada-desnivel<\/p><\/div>\n<p>Arquitetura Cl\u00e1ssica<\/p>\n<div id=\"attachment_2203\" style=\"width: 694px\" class=\"wp-caption alignnone\"><img loading=\"lazy\" decoding=\"async\" aria-describedby=\"caption-attachment-2203\" class=\"size-medium wp-image-2203\" src=\"http:\/\/arquitetocaio.com\/wpcp\/wp-content\/uploads\/2016\/11\/projeto-casa-terreno-declive-200m2-6-vagas-garagem-subsolo-estrutura-metalica-arquitetura-inspirada-campo-rustico-moderno-1-684x513.jpg\" alt=\"projeto casa terreno declive 200m2 6 vagas garagem subsolo estrutura met\u00e1lica arquitetura inspirada campo rustico moderno\" width=\"684\" height=\"513\" srcset=\"https:\/\/arquitetocaio.com\/wpcp\/wp-content\/uploads\/2016\/11\/projeto-casa-terreno-declive-200m2-6-vagas-garagem-subsolo-estrutura-metalica-arquitetura-inspirada-campo-rustico-moderno-1-684x513.jpg 684w, https:\/\/arquitetocaio.com\/wpcp\/wp-content\/uploads\/2016\/11\/projeto-casa-terreno-declive-200m2-6-vagas-garagem-subsolo-estrutura-metalica-arquitetura-inspirada-campo-rustico-moderno-1-768x576.jpg 768w, https:\/\/arquitetocaio.com\/wpcp\/wp-content\/uploads\/2016\/11\/projeto-casa-terreno-declive-200m2-6-vagas-garagem-subsolo-estrutura-metalica-arquitetura-inspirada-campo-rustico-moderno-1-1366x1025.jpg 1366w, https:\/\/arquitetocaio.com\/wpcp\/wp-content\/uploads\/2016\/11\/projeto-casa-terreno-declive-200m2-6-vagas-garagem-subsolo-estrutura-metalica-arquitetura-inspirada-campo-rustico-moderno-1-370x277.jpg 370w, https:\/\/arquitetocaio.com\/wpcp\/wp-content\/uploads\/2016\/11\/projeto-casa-terreno-declive-200m2-6-vagas-garagem-subsolo-estrutura-metalica-arquitetura-inspirada-campo-rustico-moderno-1-160x120.jpg 160w, https:\/\/arquitetocaio.com\/wpcp\/wp-content\/uploads\/2016\/11\/projeto-casa-terreno-declive-200m2-6-vagas-garagem-subsolo-estrutura-metalica-arquitetura-inspirada-campo-rustico-moderno-1.jpg 1600w\" sizes=\"(max-width: 684px) 100vw, 684px\" \/><p id=\"caption-attachment-2203\" class=\"wp-caption-text\">projeto casa terreno declive 200m2 6 vagas garagem subsolo estrutura met\u00e1lica arquitetura inspirada campo rustico moderno<\/p><\/div>\n<p>&nbsp;<\/p>\n<p>Na constru\u00e7\u00e3o do lar muitos pontos e estilos de projetos devem ser analisados, e um dos detalhes que n\u00e3o deve ser esquecido \u00e9 o modelo de garagem. Pode parecer banal levar em conta o espa\u00e7o para guardar o ve\u00edculo, mas considerar esta \u00e1rea \u00e9 importante para ter um resultado condizente e harm\u00f4nico.<\/p>\n<p>Gostou do\u00a0<strong>Projeto casas com subsolo.\u00a0<\/strong>Ent\u00e3o Solicite agora mesmo o seu or\u00e7amento para Projeto de Arquitetura Moderna.<\/p>\n<p>Atendemos em todo Brasil. \u00a0Consulte pelo e-mail: contato@arquitetocaio.com ou pelo Whatsapp (19) \u00a098133.7909<\/p>\n<p>Nossa Equipe est\u00e1 pronta para poder atende-lo.\u00a0<a href=\"http:\/\/arquitetocaio.com.br\/sobre-arquitetos-campinas-arquiteta-limeira\/\">Clique aqui e conhe\u00e7a mais sobre nosso Escrit\u00f3rio<\/a>.<\/p>\n<p>Arquiteto Caio Whatsapp 19 981337909<\/p>\n","protected":false},"excerpt":{"rendered":"<p>Projetos de Casas com Garagem Subsolo Subterr\u00e2nea terreno desn\u00edvel Projetos de Casas com Garagem Subsolo Subterr\u00e2nea terreno desn\u00edvel Arquitetura Moderna Arquitetura Cl\u00e1ssica &nbsp; Na constru\u00e7\u00e3o do lar muitos pontos e estilos de projetos devem ser analisados, e um dos detalhes que n\u00e3o deve ser esquecido \u00e9 o modelo de garagem. Pode parecer banal levar em conta o espa\u00e7o para guardar&#8230;<\/p>\n","protected":false},"author":2,"featured_media":3639,"comment_status":"open","ping_status":"open","sticky":false,"template":"","format":"standard","meta":{"footnotes":""},"categories":[1168,1167,118,159,37,1678,514,1677],"tags":[1259,1690,1693,1712,259,522,1689,1688,1691,1692,1699,1698,1711,1687,1399,1701,1400,1696,1695,1700,255,1697,1702,1694,1708,1713,1710,1173,1684,1705,1706,1707,1704,1703,1709,1686,1681,1683,1682,1685,1680,1679,274],"_links":{"self":[{"href":"https:\/\/arquitetocaio.com\/wpcp\/wp-json\/wp\/v2\/posts\/3651"}],"collection":[{"href":"https:\/\/arquitetocaio.com\/wpcp\/wp-json\/wp\/v2\/posts"}],"about":[{"href":"https:\/\/arquitetocaio.com\/wpcp\/wp-json\/wp\/v2\/types\/post"}],"author":[{"embeddable":true,"href":"https:\/\/arquitetocaio.com\/wpcp\/wp-json\/wp\/v2\/users\/2"}],"replies":[{"embeddable":true,"href":"https:\/\/arquitetocaio.com\/wpcp\/wp-json\/wp\/v2\/comments?post=3651"}],"version-history":[{"count":1,"href":"https:\/\/arquitetocaio.com\/wpcp\/wp-json\/wp\/v2\/posts\/3651\/revisions"}],"predecessor-version":[{"id":3652,"href":"https:\/\/arquitetocaio.com\/wpcp\/wp-json\/wp\/v2\/posts\/3651\/revisions\/3652"}],"wp:featuredmedia":[{"embeddable":true,"href":"https:\/\/arquitetocaio.com\/wpcp\/wp-json\/wp\/v2\/media\/3639"}],"wp:attachment":[{"href":"https:\/\/arquitetocaio.com\/wpcp\/wp-json\/wp\/v2\/media?parent=3651"}],"wp:term":[{"taxonomy":"category","embeddable":true,"href":"https:\/\/arquitetocaio.com\/wpcp\/wp-json\/wp\/v2\/categories?post=3651"},{"taxonomy":"post_tag","embeddable":true,"href":"https:\/\/arquitetocaio.com\/wpcp\/wp-json\/wp\/v2\/tags?post=3651"}],"curies":[{"name":"wp","href":"https:\/\/api.w.org\/{rel}","templated":true}]}}