{"id":2517,"date":"2016-12-16T16:27:55","date_gmt":"2016-12-16T19:27:55","guid":{"rendered":"http:\/\/arquitetocaio.com.br\/?p=2517"},"modified":"2018-09-18T21:52:48","modified_gmt":"2018-09-19T00:52:48","slug":"calculo-da-inclinacao-da-rampa-da-garagem","status":"publish","type":"post","link":"https:\/\/arquitetocaio.com\/wpcp\/calculo-da-inclinacao-da-rampa-da-garagem\/","title":{"rendered":"C\u00c1LCULO DA INCLINA\u00c7\u00c3O DA RAMPA DA GARAGEM"},"content":{"rendered":"<h3 class=\"post-title entry-title\">C\u00c1LCULO DA INCLINA\u00c7\u00c3O DA RAMPA DA GARAGEM<\/h3>\n<div class=\"post-header\">\n<p>\u00a0De Acordo com a Prefeitura de Campinas a inclina\u00e7\u00e3o maxima permitida \u00e9 de 20% entao para fazer o\u00a0<strong>c\u00e1lculo da inclina\u00e7\u00e3o da rampa da garagem<\/strong> de acesso de ve\u00edculos adotou-se:<\/p>\n<div id=\"attachment_3323\" style=\"width: 694px\" class=\"wp-caption alignnone\"><a class=\"calculo para inclina\u00e7\u00e3o da rampa da garagem\" href=\"http:\/\/www.arquitetocaio.com.br\" target=\"_blank\" rel=\"calculo para inclina\u00e7\u00e3o da rampa da garagem noopener noreferrer\"><img loading=\"lazy\" decoding=\"async\" aria-describedby=\"caption-attachment-3323\" class=\"calculo para inclina\u00e7\u00e3o da rampa da garagem wp-image-3323 size-medium\" title=\"calculo para inclina\u00e7\u00e3o da rampa da garagem\" src=\"http:\/\/arquitetocaio.com\/wpcp\/wp-content\/uploads\/2017\/05\/projeto-escritorio-advocacia-limeira-avenida-maestro-xixiri-fachada-pele-vidro-estilo-neoclassico-7-684x385.jpg\" alt=\"projeto escrit\u00f3rio advocacia limeira avenida maestro xixiri fachada pele vidro estilo neocl\u00e1ssico\" width=\"684\" height=\"385\" srcset=\"https:\/\/arquitetocaio.com\/wpcp\/wp-content\/uploads\/2017\/05\/projeto-escritorio-advocacia-limeira-avenida-maestro-xixiri-fachada-pele-vidro-estilo-neoclassico-7-684x385.jpg 684w, https:\/\/arquitetocaio.com\/wpcp\/wp-content\/uploads\/2017\/05\/projeto-escritorio-advocacia-limeira-avenida-maestro-xixiri-fachada-pele-vidro-estilo-neoclassico-7-768x432.jpg 768w, https:\/\/arquitetocaio.com\/wpcp\/wp-content\/uploads\/2017\/05\/projeto-escritorio-advocacia-limeira-avenida-maestro-xixiri-fachada-pele-vidro-estilo-neoclassico-7-370x208.jpg 370w, https:\/\/arquitetocaio.com\/wpcp\/wp-content\/uploads\/2017\/05\/projeto-escritorio-advocacia-limeira-avenida-maestro-xixiri-fachada-pele-vidro-estilo-neoclassico-7-160x90.jpg 160w, https:\/\/arquitetocaio.com\/wpcp\/wp-content\/uploads\/2017\/05\/projeto-escritorio-advocacia-limeira-avenida-maestro-xixiri-fachada-pele-vidro-estilo-neoclassico-7.jpg 900w\" sizes=\"(max-width: 684px) 100vw, 684px\" \/><\/a><p id=\"caption-attachment-3323\" class=\"wp-caption-text\">projeto escrit\u00f3rio advocacia limeira avenida maestro xixiri fachada pele vidro estilo neocl\u00e1ssico<\/p><\/div>\n<ul>\n<li>declividade de 20%<\/li>\n<li>p\u00e9-direito de 3 metros<\/li>\n<\/ul>\n<p>Se a cada 1 metro _____ 20%<br \/>\nUsa-se a regra de tr\u00eas onde,<br \/>\n100 cm _____ 20 cm<br \/>\nx _____ 300<br \/>\n20x = 300 x 100<br \/>\nx = 1500 cm = 15 metros<br \/>\nConclus\u00e3o: No\u00a0<strong>c\u00e1lculo da inclina\u00e7\u00e3o da rampa da garagem<\/strong>\u00a0A rampa ter\u00e1 15 metros de comprimento com declividade de 20% par vencer um v\u00e3o de 3 metros de altura.<\/p>\n<\/div>\n<div class=\"post-header\">entao Veja Alguns de nossos projetos de casas com garagem no subsolo que podem inspirar o seu projeto<\/div>\n<div><\/div>\n<div>\n<div id=\"attachment_5774\" style=\"width: 694px\" class=\"wp-caption alignnone\"><a class=\"Clique Aqui e preencha o nosso formulario para or\u00e7amento online\" href=\"http:\/\/arquitetocaio.com.br\" target=\"_blank\" rel=\"Aqui Clique e formulario noopener nosso o online or\u00e7amento para preencha\"><img loading=\"lazy\" decoding=\"async\" aria-describedby=\"caption-attachment-5774\" class=\"Clique Aqui e preencha o nosso formulario para or\u00e7amento online wp-image-5774 size-medium\" title=\"Clique Aqui e preencha o nosso formulario para or\u00e7amento online\" src=\"http:\/\/arquitetocaio.com\/wpcp\/wp-content\/uploads\/2018\/08\/projeto-sobrado-3-niveis-aproveitamento-terreno-desnivel-condominio-porto-sol-valinhos-alto-padrao-22-684x385.jpg\" alt=\"projeto sobrado 3 niveis aproveitamento terreno desnivel condominio porto sol valinhos alto padrao garagem subsolo\" width=\"684\" height=\"385\" srcset=\"https:\/\/arquitetocaio.com\/wpcp\/wp-content\/uploads\/2018\/08\/projeto-sobrado-3-niveis-aproveitamento-terreno-desnivel-condominio-porto-sol-valinhos-alto-padrao-22-684x385.jpg 684w, https:\/\/arquitetocaio.com\/wpcp\/wp-content\/uploads\/2018\/08\/projeto-sobrado-3-niveis-aproveitamento-terreno-desnivel-condominio-porto-sol-valinhos-alto-padrao-22-768x432.jpg 768w, https:\/\/arquitetocaio.com\/wpcp\/wp-content\/uploads\/2018\/08\/projeto-sobrado-3-niveis-aproveitamento-terreno-desnivel-condominio-porto-sol-valinhos-alto-padrao-22-370x208.jpg 370w, https:\/\/arquitetocaio.com\/wpcp\/wp-content\/uploads\/2018\/08\/projeto-sobrado-3-niveis-aproveitamento-terreno-desnivel-condominio-porto-sol-valinhos-alto-padrao-22-160x90.jpg 160w, https:\/\/arquitetocaio.com\/wpcp\/wp-content\/uploads\/2018\/08\/projeto-sobrado-3-niveis-aproveitamento-terreno-desnivel-condominio-porto-sol-valinhos-alto-padrao-22.jpg 900w\" sizes=\"(max-width: 684px) 100vw, 684px\" \/><\/a><p id=\"caption-attachment-5774\" class=\"wp-caption-text\">projeto sobrado 3 niveis aproveitamento terreno desnivel condominio porto sol valinhos alto padrao garagem subsolo<\/p><\/div>\n<p><i><span style=\"font-weight: 400;\">mais importante\u00a0portanto<\/span><\/i><\/p>\n<div id=\"attachment_5756\" style=\"width: 694px\" class=\"wp-caption alignnone\"><a href=\"http:\/\/arquitetocaio.com.br\" target=\"_blank\" rel=\"attachment noopener wp-att-5756\"><img loading=\"lazy\" decoding=\"async\" aria-describedby=\"caption-attachment-5756\" class=\"wp-image-5756 size-medium\" src=\"http:\/\/arquitetocaio.com\/wpcp\/wp-content\/uploads\/2018\/08\/projeto-sobrado-3-niveis-aproveitamento-terreno-desnivel-condominio-porto-sol-valinhos-alto-padrao-4-684x378.jpg\" alt=\"projeto sobrado 3 niveis aproveitamento terreno desnivel condominio porto sol valinhos alto padrao garagem subsolo\" width=\"684\" height=\"378\" srcset=\"https:\/\/arquitetocaio.com\/wpcp\/wp-content\/uploads\/2018\/08\/projeto-sobrado-3-niveis-aproveitamento-terreno-desnivel-condominio-porto-sol-valinhos-alto-padrao-4-684x378.jpg 684w, https:\/\/arquitetocaio.com\/wpcp\/wp-content\/uploads\/2018\/08\/projeto-sobrado-3-niveis-aproveitamento-terreno-desnivel-condominio-porto-sol-valinhos-alto-padrao-4-768x425.jpg 768w, https:\/\/arquitetocaio.com\/wpcp\/wp-content\/uploads\/2018\/08\/projeto-sobrado-3-niveis-aproveitamento-terreno-desnivel-condominio-porto-sol-valinhos-alto-padrao-4-370x205.jpg 370w, https:\/\/arquitetocaio.com\/wpcp\/wp-content\/uploads\/2018\/08\/projeto-sobrado-3-niveis-aproveitamento-terreno-desnivel-condominio-porto-sol-valinhos-alto-padrao-4-160x89.jpg 160w, https:\/\/arquitetocaio.com\/wpcp\/wp-content\/uploads\/2018\/08\/projeto-sobrado-3-niveis-aproveitamento-terreno-desnivel-condominio-porto-sol-valinhos-alto-padrao-4-545x300.jpg 545w, https:\/\/arquitetocaio.com\/wpcp\/wp-content\/uploads\/2018\/08\/projeto-sobrado-3-niveis-aproveitamento-terreno-desnivel-condominio-porto-sol-valinhos-alto-padrao-4.jpg 900w\" sizes=\"(max-width: 684px) 100vw, 684px\" \/><\/a><p id=\"caption-attachment-5756\" class=\"wp-caption-text\">projeto sobrado 3 niveis aproveitamento terreno desnivel condominio porto sol valinhos alto padrao garagem subsolo\u00a0portanto<\/p><\/div>\n<div id=\"attachment_5225\" style=\"width: 694px\" class=\"wp-caption alignnone\"><a href=\"http:\/\/arquitetocaio.com.br\"><img loading=\"lazy\" decoding=\"async\" aria-describedby=\"caption-attachment-5225\" class=\"wp-image-5225 size-medium\" src=\"http:\/\/arquitetocaio.com\/wpcp\/wp-content\/uploads\/2018\/05\/projeto-casa-futurista-arquitetura-modernista-contemporanea-fachada-volumes-retos-garagem-subsolo-terreno-declive-condominio-modern-house-1-684x385.jpg\" alt=\"projeto casa futurista arquitetura modernista contemporanea fachada volumes reto garagem subsolo terreno declive condominio modern house\" width=\"684\" height=\"385\" srcset=\"https:\/\/arquitetocaio.com\/wpcp\/wp-content\/uploads\/2018\/05\/projeto-casa-futurista-arquitetura-modernista-contemporanea-fachada-volumes-retos-garagem-subsolo-terreno-declive-condominio-modern-house-1-684x385.jpg 684w, https:\/\/arquitetocaio.com\/wpcp\/wp-content\/uploads\/2018\/05\/projeto-casa-futurista-arquitetura-modernista-contemporanea-fachada-volumes-retos-garagem-subsolo-terreno-declive-condominio-modern-house-1-768x432.jpg 768w, https:\/\/arquitetocaio.com\/wpcp\/wp-content\/uploads\/2018\/05\/projeto-casa-futurista-arquitetura-modernista-contemporanea-fachada-volumes-retos-garagem-subsolo-terreno-declive-condominio-modern-house-1-1366x768.jpg 1366w, https:\/\/arquitetocaio.com\/wpcp\/wp-content\/uploads\/2018\/05\/projeto-casa-futurista-arquitetura-modernista-contemporanea-fachada-volumes-retos-garagem-subsolo-terreno-declive-condominio-modern-house-1-370x208.jpg 370w, https:\/\/arquitetocaio.com\/wpcp\/wp-content\/uploads\/2018\/05\/projeto-casa-futurista-arquitetura-modernista-contemporanea-fachada-volumes-retos-garagem-subsolo-terreno-declive-condominio-modern-house-1-160x90.jpg 160w, https:\/\/arquitetocaio.com\/wpcp\/wp-content\/uploads\/2018\/05\/projeto-casa-futurista-arquitetura-modernista-contemporanea-fachada-volumes-retos-garagem-subsolo-terreno-declive-condominio-modern-house-1.jpg 1920w\" sizes=\"(max-width: 684px) 100vw, 684px\" \/><\/a><p id=\"caption-attachment-5225\" class=\"wp-caption-text\">portanto projeto casa futurista arquitetura modernista contemporanea fachada volumes reto garagem subsolo terreno declive condominio modern house<\/p><\/div>\n<div id=\"attachment_4804\" style=\"width: 694px\" class=\"wp-caption alignnone\"><a href=\"http:\/\/arquitetocaio.com.br\/projeto-sobrado-moderno-10x25-garagem-subsolo-alto-padrao-condominio-sorocaba\/projeto-sobrado-moderno-10x25-garagem-subsolo-alto-padrao-condominio-sorocaba-4\/\" rel=\"attachment wp-att-4804\"><img loading=\"lazy\" decoding=\"async\" aria-describedby=\"caption-attachment-4804\" class=\"size-medium wp-image-4804\" src=\"http:\/\/arquitetocaio.com\/wpcp\/wp-content\/uploads\/2018\/03\/projeto-sobrado-moderno-10x25-garagem-subsolo-alto-padrao-condominio-sorocaba-4-684x408.jpg\" alt=\"projeto sobrado moderno 10x25 garagem subsolo alto padr\u00e3o condom\u00ednio Sorocaba\" width=\"684\" height=\"408\" srcset=\"https:\/\/arquitetocaio.com\/wpcp\/wp-content\/uploads\/2018\/03\/projeto-sobrado-moderno-10x25-garagem-subsolo-alto-padrao-condominio-sorocaba-4-684x408.jpg 684w, https:\/\/arquitetocaio.com\/wpcp\/wp-content\/uploads\/2018\/03\/projeto-sobrado-moderno-10x25-garagem-subsolo-alto-padrao-condominio-sorocaba-4-768x458.jpg 768w, https:\/\/arquitetocaio.com\/wpcp\/wp-content\/uploads\/2018\/03\/projeto-sobrado-moderno-10x25-garagem-subsolo-alto-padrao-condominio-sorocaba-4-370x220.jpg 370w, https:\/\/arquitetocaio.com\/wpcp\/wp-content\/uploads\/2018\/03\/projeto-sobrado-moderno-10x25-garagem-subsolo-alto-padrao-condominio-sorocaba-4-160x95.jpg 160w, https:\/\/arquitetocaio.com\/wpcp\/wp-content\/uploads\/2018\/03\/projeto-sobrado-moderno-10x25-garagem-subsolo-alto-padrao-condominio-sorocaba-4.jpg 900w\" sizes=\"(max-width: 684px) 100vw, 684px\" \/><\/a><p id=\"caption-attachment-4804\" class=\"wp-caption-text\">projeto sobrado moderno 10&#215;25 garagem subsolo alto padr\u00e3o condom\u00ednio Sorocaba<\/p><\/div>\n<\/div>\n<div class=\"post-header\">\n<p>Gostou do resultado da mat\u00e9ria sobre <strong>c\u00e1lculo da inclina\u00e7\u00e3o da rampa da garagem<\/strong>? portanto que tal transformar seu terreno em uma casa com ambientes agraveis para se viver bons momentos!!!!<\/p>\n<p><i><span style=\"font-weight: 400;\">mais importante<\/span><\/i>\u00a0 Conhe\u00e7a mais sobre o Arquiteto Caio Pelisson. <a href=\"http:\/\/arquitetocaio.com.br\/sobre-arquitetos-campinas-arquiteta-limeira\/\">SOBRE<\/a><\/p>\n<p>Entre em <a href=\"http:\/\/arquitetocaio.com.br\/contato-arquitetos-campinas\/\">contato com o Arquiteto Caio Pelisson<\/a> e saiba mais sobre\u00a0 <strong>c\u00e1lculo da inclina\u00e7\u00e3o da rampa da garagem<\/strong><strong>.<\/strong><\/p>\n<p>portanto entao Atendemos em todo Brasil tambem pelo Whatsapp (19) 981337909<\/p>\n<p><a href=\"https:\/\/docs.google.com\/forms\/d\/e\/1FAIpQLScSzfyQlGcj_9mzO5OFMEPxSqnPrL6zTOgGyWEMjY2QHD4eZg\/viewform\">Clique Aqui e preencha o nosso formulario para or\u00e7amento online<\/a><\/p>\n<p><i><span style=\"font-weight: 400;\">portanto mais importante veja todo nosso portfolio<\/span><\/i><\/p>\n<\/div>\n","protected":false},"excerpt":{"rendered":"<p>C\u00c1LCULO DA INCLINA\u00c7\u00c3O DA RAMPA DA GARAGEM \u00a0De Acordo com a Prefeitura de Campinas a inclina\u00e7\u00e3o maxima permitida \u00e9 de 20% entao para fazer o\u00a0c\u00e1lculo da inclina\u00e7\u00e3o da rampa da garagem de acesso de ve\u00edculos adotou-se: declividade de 20% p\u00e9-direito de 3 metros Se a cada 1 metro _____ 20% Usa-se a regra de tr\u00eas onde, 100 cm _____ 20&#8230;<\/p>\n","protected":false},"author":2,"featured_media":5753,"comment_status":"open","ping_status":"open","sticky":false,"template":"","format":"standard","meta":{"footnotes":""},"categories":[174,55,63,99],"tags":[876,874,869,868,867,877,878,863,875,864,866,871,873,872,865,870],"_links":{"self":[{"href":"https:\/\/arquitetocaio.com\/wpcp\/wp-json\/wp\/v2\/posts\/2517"}],"collection":[{"href":"https:\/\/arquitetocaio.com\/wpcp\/wp-json\/wp\/v2\/posts"}],"about":[{"href":"https:\/\/arquitetocaio.com\/wpcp\/wp-json\/wp\/v2\/types\/post"}],"author":[{"embeddable":true,"href":"https:\/\/arquitetocaio.com\/wpcp\/wp-json\/wp\/v2\/users\/2"}],"replies":[{"embeddable":true,"href":"https:\/\/arquitetocaio.com\/wpcp\/wp-json\/wp\/v2\/comments?post=2517"}],"version-history":[{"count":5,"href":"https:\/\/arquitetocaio.com\/wpcp\/wp-json\/wp\/v2\/posts\/2517\/revisions"}],"predecessor-version":[{"id":5933,"href":"https:\/\/arquitetocaio.com\/wpcp\/wp-json\/wp\/v2\/posts\/2517\/revisions\/5933"}],"wp:featuredmedia":[{"embeddable":true,"href":"https:\/\/arquitetocaio.com\/wpcp\/wp-json\/wp\/v2\/media\/5753"}],"wp:attachment":[{"href":"https:\/\/arquitetocaio.com\/wpcp\/wp-json\/wp\/v2\/media?parent=2517"}],"wp:term":[{"taxonomy":"category","embeddable":true,"href":"https:\/\/arquitetocaio.com\/wpcp\/wp-json\/wp\/v2\/categories?post=2517"},{"taxonomy":"post_tag","embeddable":true,"href":"https:\/\/arquitetocaio.com\/wpcp\/wp-json\/wp\/v2\/tags?post=2517"}],"curies":[{"name":"wp","href":"https:\/\/api.w.org\/{rel}","templated":true}]}}