{"id":2478,"date":"2016-12-08T21:05:52","date_gmt":"2016-12-09T00:05:52","guid":{"rendered":"http:\/\/arquitetocaio.com.br\/?p=2478"},"modified":"2016-12-08T21:05:52","modified_gmt":"2016-12-09T00:05:52","slug":"planta-projeto-casa-estilo-neoclassico-escada-dupla-hall-alpendre-alto-padrao-mansao-luxuosa-arquiteto","status":"publish","type":"post","link":"https:\/\/arquitetocaio.com\/wpcp\/planta-projeto-casa-estilo-neoclassico-escada-dupla-hall-alpendre-alto-padrao-mansao-luxuosa-arquiteto\/","title":{"rendered":"planta projeto casa estilo neocl\u00e1ssico escada dupla hall alpendre alto padr\u00e3o mans\u00e3o luxuosa arquiteto"},"content":{"rendered":"<p>O Arquiteto Caio Pelisson apresenta seu mais novo trabalho <strong>planta projeto casa estilo neocl\u00e1ssico escada dupla hall alpendre alto padr\u00e3o mans\u00e3o luxuosa arquiteto\u00a0<\/strong>confira as plantas do sobrado abaixo<\/p>\n<p>Pavimento Terreo da\u00a0<strong>planta projeto casa estilo neocl\u00e1ssico<\/strong><\/p>\n<div id=\"attachment_2476\" style=\"width: 352px\" class=\"wp-caption alignnone\"><img loading=\"lazy\" decoding=\"async\" aria-describedby=\"caption-attachment-2476\" class=\"size-medium wp-image-2476\" src=\"http:\/\/arquitetocaio.com\/wpcp\/wp-content\/uploads\/2016\/12\/planta-projeto-casa-estilo-neoclassico-escada-dupla-hall-alpendre-alto-padrao-mansao-luxuosa-1-342x684.jpg\" alt=\"planta projeto casa estilo neocl\u00e1ssico escada dupla hall alpendre alto padr\u00e3o mans\u00e3o luxuosa arquiteto\" width=\"342\" height=\"684\" \/><p id=\"caption-attachment-2476\" class=\"wp-caption-text\">planta projeto casa estilo neocl\u00e1ssico escada dupla hall alpendre alto padr\u00e3o mans\u00e3o luxuosa arquiteto<\/p><\/div>\n<p>Pavimento Superior da\u00a0<strong>planta projeto casa estilo neocl\u00e1ssico<\/strong><\/p>\n<div id=\"attachment_2477\" style=\"width: 342px\" class=\"wp-caption alignnone\"><img loading=\"lazy\" decoding=\"async\" aria-describedby=\"caption-attachment-2477\" class=\"size-medium wp-image-2477\" src=\"http:\/\/arquitetocaio.com\/wpcp\/wp-content\/uploads\/2016\/12\/planta-projeto-casa-estilo-neoclassico-escada-dupla-hall-alpendre-alto-padrao-mansao-luxuosa-2-332x684.jpg\" alt=\"planta projeto casa estilo neocl\u00e1ssico escada dupla hall alpendre alto padr\u00e3o mans\u00e3o luxuosa arquiteto\" width=\"332\" height=\"684\" \/><p id=\"caption-attachment-2477\" class=\"wp-caption-text\">planta projeto casa estilo neocl\u00e1ssico escada dupla hall alpendre alto padr\u00e3o mans\u00e3o luxuosa arquiteto<\/p><\/div>\n<p>&nbsp;<\/p>\n<p>Gostou da\u00a0<strong>planta projeto casa estilo neocl\u00e1ssico escada dupla hall alpendre alto padr\u00e3o mans\u00e3o luxuosa arquiteto<\/strong><\/p>\n<p>em breve iremos colocar as novas imagens em 3D desse lindo projeto que ser\u00e1 constru\u00eddo em Rio Verde estado de Goias.<\/p>\n<p>&nbsp;<\/p>\n<p>Conhe\u00e7a mais sobre o Arquiteto Caio Pelisson. <a href=\"http:\/\/arquitetocaio.com.br\/sobre-arquitetos-campinas-arquiteta-limeira\/\">SOBRE<\/a><\/p>\n<p>Entre em <a href=\"http:\/\/arquitetocaio.com.br\/contato-arquitetos-campinas\/\">contato com o Arquiteto Caio Pelisson<\/a> e saiba mais sobre\u00a0 <strong>planta projeto casa estilo neocl\u00e1ssico escada dupla hall alpendre alto padr\u00e3o mans\u00e3o luxuosa arquiteto<\/strong><strong>.<\/strong><\/p>\n<p>Atendemos em todo Brasil tamb\u00e9m pelo Whatsapp (19) 981337909<\/p>\n","protected":false},"excerpt":{"rendered":"<p>O Arquiteto Caio Pelisson apresenta seu mais novo trabalho planta projeto casa estilo neocl\u00e1ssico escada dupla hall alpendre alto padr\u00e3o mans\u00e3o luxuosa arquiteto\u00a0confira as plantas do sobrado abaixo Pavimento Terreo da\u00a0planta projeto casa estilo neocl\u00e1ssico Pavimento Superior da\u00a0planta projeto casa estilo neocl\u00e1ssico &nbsp; Gostou da\u00a0planta projeto casa estilo neocl\u00e1ssico escada dupla hall alpendre alto padr\u00e3o mans\u00e3o luxuosa arquiteto em breve&#8230;<\/p>\n","protected":false},"author":2,"featured_media":2476,"comment_status":"open","ping_status":"open","sticky":false,"template":"","format":"standard","meta":{"footnotes":""},"categories":[515,104,173,55,803,99],"tags":[823,824,832,833,827,577,830,831,35,810,812,811,27,46,47,809,807,816,51,58,48,49,828,829,815,805,825,826,804,806,821,817,822,819,820,319,440,517,818,320,808,813,814,165],"_links":{"self":[{"href":"https:\/\/arquitetocaio.com\/wpcp\/wp-json\/wp\/v2\/posts\/2478"}],"collection":[{"href":"https:\/\/arquitetocaio.com\/wpcp\/wp-json\/wp\/v2\/posts"}],"about":[{"href":"https:\/\/arquitetocaio.com\/wpcp\/wp-json\/wp\/v2\/types\/post"}],"author":[{"embeddable":true,"href":"https:\/\/arquitetocaio.com\/wpcp\/wp-json\/wp\/v2\/users\/2"}],"replies":[{"embeddable":true,"href":"https:\/\/arquitetocaio.com\/wpcp\/wp-json\/wp\/v2\/comments?post=2478"}],"version-history":[{"count":1,"href":"https:\/\/arquitetocaio.com\/wpcp\/wp-json\/wp\/v2\/posts\/2478\/revisions"}],"predecessor-version":[{"id":2479,"href":"https:\/\/arquitetocaio.com\/wpcp\/wp-json\/wp\/v2\/posts\/2478\/revisions\/2479"}],"wp:featuredmedia":[{"embeddable":true,"href":"https:\/\/arquitetocaio.com\/wpcp\/wp-json\/wp\/v2\/media\/2476"}],"wp:attachment":[{"href":"https:\/\/arquitetocaio.com\/wpcp\/wp-json\/wp\/v2\/media?parent=2478"}],"wp:term":[{"taxonomy":"category","embeddable":true,"href":"https:\/\/arquitetocaio.com\/wpcp\/wp-json\/wp\/v2\/categories?post=2478"},{"taxonomy":"post_tag","embeddable":true,"href":"https:\/\/arquitetocaio.com\/wpcp\/wp-json\/wp\/v2\/tags?post=2478"}],"curies":[{"name":"wp","href":"https:\/\/api.w.org\/{rel}","templated":true}]}}