{"id":2179,"date":"2016-11-05T16:49:37","date_gmt":"2016-11-05T19:49:37","guid":{"rendered":"http:\/\/arquitetocaio.com.br\/?p=2179"},"modified":"2016-11-05T16:49:37","modified_gmt":"2016-11-05T19:49:37","slug":"decoracao-design-interiores-ambientes-apartamento-compacto-terrazzo-limeira","status":"publish","type":"post","link":"https:\/\/arquitetocaio.com\/wpcp\/decoracao-design-interiores-ambientes-apartamento-compacto-terrazzo-limeira\/","title":{"rendered":"Decora\u00e7\u00e3o Design Interiores Ambientes Apartamento Compacto Terrazzo Limeira"},"content":{"rendered":"<p>Confira como ficou nosso primeiro projeto para o novo Lan\u00e7amento Imobil\u00e1rio Terrazzo Limeira em\u00a0<strong>Decora\u00e7\u00e3o Design Interiores Ambientes Apartamento Compacto Terrazzo Limeira<\/strong><\/p>\n<p>Veja as primeiras imagens desse projeto que ficou show mesmo em um apartamento compacto.<\/p>\n<div id=\"attachment_2177\" style=\"width: 694px\" class=\"wp-caption alignnone\"><a href=\"http:\/\/arquitetocaio.com.br\/projetos-arquitetura-interiores-design-interior-campinas-limeira-decoradora\/\"><img loading=\"lazy\" decoding=\"async\" aria-describedby=\"caption-attachment-2177\" class=\"size-medium wp-image-2177\" src=\"http:\/\/arquitetocaio.com\/wpcp\/wp-content\/uploads\/2016\/11\/IMG-RENDER-QUARTO-DE-SOLTEIRO-684x684.png\" alt=\"projeto ambientes interiores apartamento compacto pequeno terrazzo limeira arquiteto quarto pequeno\" width=\"684\" height=\"684\" \/><\/a><p id=\"caption-attachment-2177\" class=\"wp-caption-text\">projeto ambientes interiores apartamento compacto pequeno terrazzo limeira arquiteto quarto pequeno<\/p><\/div>\n<p><strong>Decora\u00e7\u00e3o Design Interiores Ambientes Apartamento Compacto Terrazzo Limeira<\/strong><\/p>\n<div id=\"attachment_2176\" style=\"width: 643px\" class=\"wp-caption alignnone\"><a href=\"http:\/\/arquitetocaio.com.br\/projetos-arquitetura-interiores-design-interior-campinas-limeira-decoradora\/\"><img loading=\"lazy\" decoding=\"async\" aria-describedby=\"caption-attachment-2176\" class=\"size-medium wp-image-2176\" src=\"http:\/\/arquitetocaio.com\/wpcp\/wp-content\/uploads\/2016\/11\/IMG-RENDER-\u00c1REA-EXTERNA-0001-633x684.png\" alt=\"projeto ambientes interiores apartamento compacto pequeno terrazzo limeira arquiteto varanda\" width=\"633\" height=\"684\" \/><\/a><p id=\"caption-attachment-2176\" class=\"wp-caption-text\">projeto ambientes interiores apartamento compacto pequeno terrazzo limeira arquiteto varanda<\/p><\/div>\n<div id=\"attachment_2175\" style=\"width: 694px\" class=\"wp-caption alignnone\"><a href=\"http:\/\/arquitetocaio.com.br\/projetos-arquitetura-interiores-design-interior-campinas-limeira-decoradora\/\"><img loading=\"lazy\" decoding=\"async\" aria-describedby=\"caption-attachment-2175\" class=\"size-medium wp-image-2175\" src=\"http:\/\/arquitetocaio.com\/wpcp\/wp-content\/uploads\/2016\/11\/IMG-RENDER-\u00c1rea-externa-0002-684x492.png\" alt=\"projeto ambientes interiores apartamento compacto pequeno terrazzo limeira arquiteto varanda\" width=\"684\" height=\"492\" \/><\/a><p id=\"caption-attachment-2175\" class=\"wp-caption-text\">projeto ambientes interiores apartamento compacto pequeno terrazzo limeira arquiteto varanda<\/p><\/div>\n<p>Solicite Agora mesmo um or\u00e7amento para o Design de Interiores de seu Apartamento<\/p>\n<p><strong>Decora\u00e7\u00e3o Design Interiores Ambientes Apartamento Compacto Terrazzo Limeira<\/strong><\/p>\n<div id=\"attachment_2174\" style=\"width: 694px\" class=\"wp-caption alignnone\"><a href=\"http:\/\/arquitetocaio.com.br\/consultoria-arquitetura-online\/\"><img loading=\"lazy\" decoding=\"async\" aria-describedby=\"caption-attachment-2174\" class=\"size-medium wp-image-2174\" src=\"http:\/\/arquitetocaio.com\/wpcp\/wp-content\/uploads\/2016\/11\/projeto-ambientes-interiores-apartamento-compacto-pequeno-terrazzo-limeira-arquiteto-cozinha-4-684x635.png\" alt=\"projeto ambientes interiores apartamento compacto pequeno terrazzo limeira arquiteto suite master\" width=\"684\" height=\"635\" \/><\/a><p id=\"caption-attachment-2174\" class=\"wp-caption-text\">projeto ambientes interiores apartamento compacto pequeno terrazzo limeira arquiteto suite master<\/p><\/div>\n<div id=\"attachment_2173\" style=\"width: 448px\" class=\"wp-caption alignnone\"><img loading=\"lazy\" decoding=\"async\" aria-describedby=\"caption-attachment-2173\" class=\"size-medium wp-image-2173\" src=\"http:\/\/arquitetocaio.com\/wpcp\/wp-content\/uploads\/2016\/11\/projeto-ambientes-interiores-apartamento-compacto-pequeno-terrazzo-limeira-arquiteto-cozinha-3-438x684.png\" alt=\"projeto ambientes interiores apartamento compacto pequeno terrazzo limeira arquiteto banheiro\" width=\"438\" height=\"684\" srcset=\"https:\/\/arquitetocaio.com\/wpcp\/wp-content\/uploads\/2016\/11\/projeto-ambientes-interiores-apartamento-compacto-pequeno-terrazzo-limeira-arquiteto-cozinha-3-438x684.png 438w, https:\/\/arquitetocaio.com\/wpcp\/wp-content\/uploads\/2016\/11\/projeto-ambientes-interiores-apartamento-compacto-pequeno-terrazzo-limeira-arquiteto-cozinha-3-768x1198.png 768w, https:\/\/arquitetocaio.com\/wpcp\/wp-content\/uploads\/2016\/11\/projeto-ambientes-interiores-apartamento-compacto-pequeno-terrazzo-limeira-arquiteto-cozinha-3-876x1366.png 876w, https:\/\/arquitetocaio.com\/wpcp\/wp-content\/uploads\/2016\/11\/projeto-ambientes-interiores-apartamento-compacto-pequeno-terrazzo-limeira-arquiteto-cozinha-3-370x577.png 370w, https:\/\/arquitetocaio.com\/wpcp\/wp-content\/uploads\/2016\/11\/projeto-ambientes-interiores-apartamento-compacto-pequeno-terrazzo-limeira-arquiteto-cozinha-3-103x160.png 103w, https:\/\/arquitetocaio.com\/wpcp\/wp-content\/uploads\/2016\/11\/projeto-ambientes-interiores-apartamento-compacto-pequeno-terrazzo-limeira-arquiteto-cozinha-3.png 900w\" sizes=\"(max-width: 438px) 100vw, 438px\" \/><p id=\"caption-attachment-2173\" class=\"wp-caption-text\">projeto ambientes interiores apartamento compacto pequeno terrazzo limeira arquiteto banheiro<\/p><\/div>\n<div id=\"attachment_2172\" style=\"width: 443px\" class=\"wp-caption alignnone\"><a href=\"http:\/\/arquitetocaio.com.br\/consultoria-arquitetura-online\/\"><img loading=\"lazy\" decoding=\"async\" aria-describedby=\"caption-attachment-2172\" class=\"size-medium wp-image-2172\" src=\"http:\/\/arquitetocaio.com\/wpcp\/wp-content\/uploads\/2016\/11\/projeto-ambientes-interiores-apartamento-compacto-pequeno-terrazzo-limeira-arquiteto-cozinha-2-433x684.png\" alt=\"projeto ambientes interiores apartamento compacto pequeno terrazzo limeira arquiteto banheiro\" width=\"433\" height=\"684\" \/><\/a><p id=\"caption-attachment-2172\" class=\"wp-caption-text\">projeto ambientes interiores apartamento compacto pequeno terrazzo limeira arquiteto banheiro<\/p><\/div>\n<div id=\"attachment_2171\" style=\"width: 667px\" class=\"wp-caption alignnone\"><a href=\"http:\/\/arquitetocaio.com.br\/consultoria-arquitetura-online\/\"><img loading=\"lazy\" decoding=\"async\" aria-describedby=\"caption-attachment-2171\" class=\"size-medium wp-image-2171\" src=\"http:\/\/arquitetocaio.com\/wpcp\/wp-content\/uploads\/2016\/11\/projeto-ambientes-interiores-apartamento-compacto-pequeno-terrazzo-limeira-arquiteto-cozinha-1-657x684.png\" alt=\"projeto ambientes interiores apartamento compacto pequeno terrazzo limeira arquiteto banheiro\" width=\"657\" height=\"684\" \/><\/a><p id=\"caption-attachment-2171\" class=\"wp-caption-text\">projeto ambientes interiores apartamento compacto pequeno terrazzo limeira arquiteto banheiro<\/p><\/div>\n<p>Solicite Agora mesmo um or\u00e7amento para o Design de Interiores de seu Apartamento<\/p>\n<p><strong>Decora\u00e7\u00e3o Design Interiores Ambientes Apartamento Compacto Terrazzo Limeira<\/strong><\/p>\n<div id=\"attachment_2170\" style=\"width: 608px\" class=\"wp-caption alignnone\"><a href=\"http:\/\/arquitetocaio.com.br\/consultoria-arquitetura-online\/\"><img loading=\"lazy\" decoding=\"async\" aria-describedby=\"caption-attachment-2170\" class=\"size-medium wp-image-2170\" src=\"http:\/\/arquitetocaio.com\/wpcp\/wp-content\/uploads\/2016\/11\/projeto-ambientes-interiores-apartamento-compacto-pequeno-terrazzo-limeira-arquiteto-cozinha-1-598x684.jpg\" alt=\"projeto ambientes interiores apartamento compacto pequeno terrazzo limeira arquiteto cozinha\" width=\"598\" height=\"684\" srcset=\"https:\/\/arquitetocaio.com\/wpcp\/wp-content\/uploads\/2016\/11\/projeto-ambientes-interiores-apartamento-compacto-pequeno-terrazzo-limeira-arquiteto-cozinha-1-598x684.jpg 598w, https:\/\/arquitetocaio.com\/wpcp\/wp-content\/uploads\/2016\/11\/projeto-ambientes-interiores-apartamento-compacto-pequeno-terrazzo-limeira-arquiteto-cozinha-1-768x878.jpg 768w, https:\/\/arquitetocaio.com\/wpcp\/wp-content\/uploads\/2016\/11\/projeto-ambientes-interiores-apartamento-compacto-pequeno-terrazzo-limeira-arquiteto-cozinha-1-1194x1366.jpg 1194w, https:\/\/arquitetocaio.com\/wpcp\/wp-content\/uploads\/2016\/11\/projeto-ambientes-interiores-apartamento-compacto-pequeno-terrazzo-limeira-arquiteto-cozinha-1-370x423.jpg 370w, https:\/\/arquitetocaio.com\/wpcp\/wp-content\/uploads\/2016\/11\/projeto-ambientes-interiores-apartamento-compacto-pequeno-terrazzo-limeira-arquiteto-cozinha-1-140x160.jpg 140w, https:\/\/arquitetocaio.com\/wpcp\/wp-content\/uploads\/2016\/11\/projeto-ambientes-interiores-apartamento-compacto-pequeno-terrazzo-limeira-arquiteto-cozinha-1.jpg 1300w\" sizes=\"(max-width: 598px) 100vw, 598px\" \/><\/a><p id=\"caption-attachment-2170\" class=\"wp-caption-text\">projeto ambientes interiores apartamento compacto pequeno terrazzo limeira arquiteto cozinha<\/p><\/div>\n<p>Solicite Agora mesmo um or\u00e7amento para o Design de Interiores de seu Apartamento. <a href=\"http:\/\/arquitetocaio.com.br\/consultoria-arquitetura-online\/\">CLIQUE AQUI<\/a><\/p>\n<p><strong>Decora\u00e7\u00e3o Design Interiores Ambientes Apartamento Compacto Terrazzo Limeira<\/strong><\/p>\n<p>&nbsp;<\/p>\n<p>Conhe\u00e7a mais sobre o Arquiteto Caio Pelisson. <a href=\"http:\/\/arquitetocaio.com.br\/sobre-arquitetos-campinas-arquiteta-limeira\/\">SOBRE<\/a><\/p>\n<p>Entre em <a href=\"http:\/\/arquitetocaio.com.br\/contato-arquitetos-limeira\/\">contato com o Arquiteto em Limeira Caio Pelisson<\/a> e saiba <strong>Quanto custa um projeto de Decora\u00e7\u00e3o Design Interiores Ambientes Apartamento Compacto Terrazzo Limeira.<\/strong><\/p>\n","protected":false},"excerpt":{"rendered":"<p>Confira como ficou nosso primeiro projeto para o novo Lan\u00e7amento Imobil\u00e1rio Terrazzo Limeira em\u00a0Decora\u00e7\u00e3o Design Interiores Ambientes Apartamento Compacto Terrazzo Limeira Veja as primeiras imagens desse projeto que ficou show mesmo em um apartamento compacto. Decora\u00e7\u00e3o Design Interiores Ambientes Apartamento Compacto Terrazzo Limeira Solicite Agora mesmo um or\u00e7amento para o Design de Interiores de seu Apartamento Decora\u00e7\u00e3o Design Interiores Ambientes&#8230;<\/p>\n","protected":false},"author":2,"featured_media":2176,"comment_status":"open","ping_status":"open","sticky":false,"template":"","format":"standard","meta":{"footnotes":""},"categories":[93,126,174,55,101,92,159,100,146,120,99,205,160,161],"tags":[509,508,95,110,35,30,58,164,107,106,177,179,510,111,512,511,112,28,103,29,180,26,94,102,168,162],"_links":{"self":[{"href":"https:\/\/arquitetocaio.com\/wpcp\/wp-json\/wp\/v2\/posts\/2179"}],"collection":[{"href":"https:\/\/arquitetocaio.com\/wpcp\/wp-json\/wp\/v2\/posts"}],"about":[{"href":"https:\/\/arquitetocaio.com\/wpcp\/wp-json\/wp\/v2\/types\/post"}],"author":[{"embeddable":true,"href":"https:\/\/arquitetocaio.com\/wpcp\/wp-json\/wp\/v2\/users\/2"}],"replies":[{"embeddable":true,"href":"https:\/\/arquitetocaio.com\/wpcp\/wp-json\/wp\/v2\/comments?post=2179"}],"version-history":[{"count":1,"href":"https:\/\/arquitetocaio.com\/wpcp\/wp-json\/wp\/v2\/posts\/2179\/revisions"}],"predecessor-version":[{"id":2180,"href":"https:\/\/arquitetocaio.com\/wpcp\/wp-json\/wp\/v2\/posts\/2179\/revisions\/2180"}],"wp:featuredmedia":[{"embeddable":true,"href":"https:\/\/arquitetocaio.com\/wpcp\/wp-json\/wp\/v2\/media\/2176"}],"wp:attachment":[{"href":"https:\/\/arquitetocaio.com\/wpcp\/wp-json\/wp\/v2\/media?parent=2179"}],"wp:term":[{"taxonomy":"category","embeddable":true,"href":"https:\/\/arquitetocaio.com\/wpcp\/wp-json\/wp\/v2\/categories?post=2179"},{"taxonomy":"post_tag","embeddable":true,"href":"https:\/\/arquitetocaio.com\/wpcp\/wp-json\/wp\/v2\/tags?post=2179"}],"curies":[{"name":"wp","href":"https:\/\/api.w.org\/{rel}","templated":true}]}}