{"id":1345,"date":"2016-09-18T17:03:58","date_gmt":"2016-09-18T20:03:58","guid":{"rendered":"http:\/\/arquitetocaio.com.br\/?p=1345"},"modified":"2016-09-18T17:04:13","modified_gmt":"2016-09-18T20:04:13","slug":"projeto-design-de-interiores-online-rapido-barato","status":"publish","type":"post","link":"https:\/\/arquitetocaio.com\/wpcp\/projeto-design-de-interiores-online-rapido-barato\/","title":{"rendered":"Projeto de Design de Interiores Online r\u00e1pido e barato"},"content":{"rendered":"<p><strong>Projeto de Design de Interiores Online<\/strong> e Totalmente Personalizado. Veja como \u00e9 simples, <strong>r\u00e1pido e barato<\/strong> projetar a decora\u00e7\u00e3o de sua casa ou apartamento com quem tem mais de 1000 projetos entregues e 100% de satisfa\u00e7\u00e3o.<\/p>\n<div id=\"attachment_640\" class=\"wp-caption alignnone\">\n<div id=\"attachment_1230\" style=\"width: 694px\" class=\"wp-caption alignnone\"><img loading=\"lazy\" decoding=\"async\" aria-describedby=\"caption-attachment-1230\" class=\"size-medium wp-image-1230\" src=\"http:\/\/arquitetocaio.com\/wpcp\/wp-content\/uploads\/2016\/09\/projeto-design-interiores-arquitetura-interna-cozinha-projeto-moveis-ilha-coifa-balcao-reforma-5-684x287.jpg\" alt=\"projeto design interiores arquitetura interna cozinha projeto moveis ilha coifa balc\u00e3o reforma\" width=\"684\" height=\"287\" srcset=\"https:\/\/arquitetocaio.com\/wpcp\/wp-content\/uploads\/2016\/09\/projeto-design-interiores-arquitetura-interna-cozinha-projeto-moveis-ilha-coifa-balcao-reforma-5-684x287.jpg 684w, https:\/\/arquitetocaio.com\/wpcp\/wp-content\/uploads\/2016\/09\/projeto-design-interiores-arquitetura-interna-cozinha-projeto-moveis-ilha-coifa-balcao-reforma-5-768x322.jpg 768w, https:\/\/arquitetocaio.com\/wpcp\/wp-content\/uploads\/2016\/09\/projeto-design-interiores-arquitetura-interna-cozinha-projeto-moveis-ilha-coifa-balcao-reforma-5-370x155.jpg 370w, https:\/\/arquitetocaio.com\/wpcp\/wp-content\/uploads\/2016\/09\/projeto-design-interiores-arquitetura-interna-cozinha-projeto-moveis-ilha-coifa-balcao-reforma-5-160x67.jpg 160w, https:\/\/arquitetocaio.com\/wpcp\/wp-content\/uploads\/2016\/09\/projeto-design-interiores-arquitetura-interna-cozinha-projeto-moveis-ilha-coifa-balcao-reforma-5-1311x550.jpg 1311w, https:\/\/arquitetocaio.com\/wpcp\/wp-content\/uploads\/2016\/09\/projeto-design-interiores-arquitetura-interna-cozinha-projeto-moveis-ilha-coifa-balcao-reforma-5.jpg 1316w\" sizes=\"(max-width: 684px) 100vw, 684px\" \/><p id=\"caption-attachment-1230\" class=\"wp-caption-text\">projeto design interiores arquitetura interna cozinha projeto moveis ilha coifa balc\u00e3o reforma<\/p><\/div>\n<\/div>\n<p>Solicite Or\u00e7amento online gr\u00e1tis para <strong>Projeto de Design de Interiores Online<\/strong><strong>.\u00a0<\/strong><a href=\"http:\/\/arquitetocaio.com.br\/consultoria-arquitetura-online\/\">clique aqui<\/a><\/p>\n<p>Veja como \u00e9 facil:<\/p>\n<p>1\u00b0 PASSO \u2013 SOLICITAR OR\u00c7AMENTO <strong>Projeto de Design de Interiores Online<\/strong><\/p>\n<div class=\"iconbox_content_container \">\n<p>Para solicitar seu or\u00e7amento voc\u00ea ir\u00e1 precisar enviar a\u00a0planta baixa<strong>, <\/strong>que pode ser o projeto em autocad ou um esbo\u00e7o feito \u00e0 m\u00e3o mesmo, com as medidas detalhadas\u00a0 e as fotos do seu ambiente.<\/p>\n<p>2\u00b0 PASSO \u2013 PROJETO EM 3D <strong>Projeto de Design de Interiores Online<\/strong><\/p>\n<div class=\"iconbox_content_container \">\n<p>Ap\u00f3s a confirma\u00e7\u00e3o da contrata\u00e7\u00e3o do projeto de decora\u00e7\u00e3o e pagamento, n\u00f3s vamos confirmar algumas informa\u00e7\u00f5es com voc\u00ea e iniciar o desenvolvimento do seu projeto em 3D.<\/p>\n<p>3\u00b0 PASSO \u2013 AN\u00c1LISES E COSIDERA\u00c7\u00d5ES do seu <strong>Projeto de Design de Interiores Online<\/strong><\/p>\n<div class=\"iconbox_content_container \">\n<p>Agora que recebeu seu projeto em 3D voc\u00ea faz a sua an\u00e1lise e considera\u00e7\u00f5es.<\/p>\n<p>Caso seja necess\u00e1rio, faremos as altera\u00e7\u00f5es solicitadas por voc\u00ea.<\/p>\n<p>4\u00b0 PASSO \u2013 MANUAL DECOR\u00a0do seu <strong>Projeto de Design de Interiores Online<\/strong><\/p>\n<div class=\"iconbox_content_container \">\n<p>Quando voc\u00ea aprovar o seu projeto em 3D, vamos desenvolver o manual decor<strong> ,<\/strong>que \u00e9 o\u00a0projeto executivo, com todos os detalhes para que voc\u00ea possa fazer a sua decora\u00e7\u00e3o.<\/p>\n<div id=\"attachment_199\" class=\"wp-caption alignnone\">\n<p><img loading=\"lazy\" decoding=\"async\" class=\"size-medium wp-image-199\" src=\"http:\/\/arquitetocaio.com\/wpcp\/wp-content\/uploads\/2016\/08\/projetos-arquitetura-interiores-lof-moderno-economico-sustent%C3%A1vel-arquiteto-limeira-caio-2-684x477.png\" alt=\"projetos-arquitetura-interiores-loft-moderno-econ\u00f4mico-sustent\u00e1vel-arquiteto-limeira-caio\" width=\"684\" height=\"477\" \/><\/p>\n<p class=\"wp-caption-text\">projetos-arquitetura-interiores-loft-moderno-econ\u00f4mico-sustent\u00e1vel-arquiteto-limeira-caio<\/p>\n<\/div>\n<p>Solicite Or\u00e7amento online gr\u00e1tis para <strong>Projeto de Design de Interiores Online<\/strong><strong>.\u00a0<\/strong><a href=\"http:\/\/arquitetocaio.com.br\/consultoria-arquitetura-online\/\">clique aqui<\/a><\/p>\n<div id=\"attachment_200\" class=\"wp-caption alignnone\">\n<p><img loading=\"lazy\" decoding=\"async\" class=\"size-medium wp-image-200\" src=\"http:\/\/arquitetocaio.com\/wpcp\/wp-content\/uploads\/2016\/08\/projetos-arquitetura-interiores-lof-moderno-economico-sustent%C3%A1vel-arquiteto-limeira-caio-1-684x371.png\" alt=\"projetos-arquitetura-interiores-loft-moderno-econ\u00f4mico-sustent\u00e1vel-arquiteto-limeira-caio\" width=\"684\" height=\"371\" \/><\/p>\n<p class=\"wp-caption-text\">projetos-arquitetura-interiores-loft-moderno-econ\u00f4mico-sustent\u00e1vel-arquiteto-limeira-caio<\/p>\n<\/div>\n<p>Solicite Or\u00e7amento online gr\u00e1tis para <strong>Projeto de Design de Interiores Online<\/strong><strong>.\u00a0<\/strong><a href=\"http:\/\/arquitetocaio.com.br\/consultoria-arquitetura-online\/\">clique aqui<\/a><\/p>\n<div id=\"attachment_219\" class=\"wp-caption alignnone\">\n<p><img loading=\"lazy\" decoding=\"async\" class=\"size-full wp-image-219\" src=\"http:\/\/arquitetocaio.com\/wpcp\/wp-content\/uploads\/2016\/08\/projeto-design-interiores-rustico-xik-arquiteto-limeira-caio-casa-terrea-18.jpg\" sizes=\"(max-width: 299px) 100vw, 299px\" srcset=\"http:\/\/arquitetocaio.com\/wpcp\/wp-content\/uploads\/2016\/08\/projeto-design-interiores-rustico-xik-arquiteto-limeira-caio-casa-terrea-18.jpg 299w, http:\/\/arquitetocaio.com\/wpcp\/wp-content\/uploads\/2016\/08\/projeto-design-interiores-rustico-xik-arquiteto-limeira-caio-casa-terrea-18-107x160.jpg 107w\" alt=\"projeto-design-interiores-espa\u00e7o de maquiagem camarim\" width=\"299\" height=\"448\" data-pagespeed-url-hash=\"995416879\" \/><\/p>\n<p class=\"wp-caption-text\">projeto-design-interiores-espa\u00e7o de maquiagem camarim<\/p>\n<\/div>\n<p>Solicite Or\u00e7amento online gr\u00e1tis para <strong>Projeto de Design de Interiores Online<\/strong><strong>.\u00a0<\/strong><a href=\"http:\/\/arquitetocaio.com.br\/consultoria-arquitetura-online\/\">clique aqui<\/a><\/p>\n<div id=\"attachment_248\" class=\"wp-caption alignnone\">\n<p><img loading=\"lazy\" decoding=\"async\" class=\"size-medium wp-image-248\" src=\"http:\/\/arquitetocaio.com\/wpcp\/wp-content\/uploads\/2016\/08\/projeto-arquitetura-interiores-loft-moderno-escritorio-3-684x468.png\" alt=\"projeto-arquitetura-interiores-loft-moderno-escrit\u00f3rio-arquiteto-campinas\" width=\"684\" height=\"468\" data-pagespeed-url-hash=\"1330519112\" \/><\/p>\n<p class=\"wp-caption-text\">projeto-arquitetura-interiores-loft-moderno-escrit\u00f3rio-arquiteto-campinas<\/p>\n<\/div>\n<p>Solicite Or\u00e7amento online gr\u00e1tis para <strong>Projeto de Design de Interiores Online<\/strong><strong>.\u00a0<\/strong><a href=\"http:\/\/arquitetocaio.com.br\/consultoria-arquitetura-online\/\">clique aqui<\/a><\/p>\n<div id=\"attachment_600\" class=\"wp-caption alignnone\">\n<p><img loading=\"lazy\" decoding=\"async\" class=\"size-medium wp-image-600\" src=\"http:\/\/arquitetocaio.com\/wpcp\/wp-content\/uploads\/2016\/08\/projetos-arquitetura-interiores-design-moveis-pisos-gesso-decora%C3%A7ao-casa-neoclassica-americana-8-684x342.jpg\" sizes=\"(max-width: 684px) 100vw, 684px\" srcset=\"http:\/\/arquitetocaio.com\/wpcp\/wp-content\/uploads\/2016\/08\/projetos-arquitetura-interiores-design-moveis-pisos-gesso-decora\u00e7ao-casa-neoclassica-americana-8-684x342.jpg 684w, http:\/\/arquitetocaio.com\/wpcp\/wp-content\/uploads\/2016\/08\/projetos-arquitetura-interiores-design-moveis-pisos-gesso-decora\u00e7ao-casa-neoclassica-americana-8-768x384.jpg 768w, http:\/\/arquitetocaio.com\/wpcp\/wp-content\/uploads\/2016\/08\/projetos-arquitetura-interiores-design-moveis-pisos-gesso-decora\u00e7ao-casa-neoclassica-americana-8-1366x683.jpg 1366w, http:\/\/arquitetocaio.com\/wpcp\/wp-content\/uploads\/2016\/08\/projetos-arquitetura-interiores-design-moveis-pisos-gesso-decora\u00e7ao-casa-neoclassica-americana-8-370x185.jpg 370w, http:\/\/arquitetocaio.com\/wpcp\/wp-content\/uploads\/2016\/08\/projetos-arquitetura-interiores-design-moveis-pisos-gesso-decora\u00e7ao-casa-neoclassica-americana-8-160x80.jpg 160w, http:\/\/arquitetocaio.com\/wpcp\/wp-content\/uploads\/2016\/08\/projetos-arquitetura-interiores-design-moveis-pisos-gesso-decora\u00e7ao-casa-neoclassica-americana-8-960x480.jpg 960w, http:\/\/arquitetocaio.com\/wpcp\/wp-content\/uploads\/2016\/08\/projetos-arquitetura-interiores-design-moveis-pisos-gesso-decora\u00e7ao-casa-neoclassica-americana-8-1100x550.jpg 1100w, http:\/\/arquitetocaio.com\/wpcp\/wp-content\/uploads\/2016\/08\/projetos-arquitetura-interiores-design-moveis-pisos-gesso-decora\u00e7ao-casa-neoclassica-americana-8.jpg 1600w\" alt=\"projetos arquitetura interiores design moveis pisos gesso decora\u00e7\u00e3o casa neocl\u00e1ssica americana quarto casal com closet\" width=\"684\" height=\"342\" \/><\/p>\n<p class=\"wp-caption-text\">projetos arquitetura interiores design moveis pisos gesso decora\u00e7\u00e3o casa neocl\u00e1ssica americana quarto casal com closet<\/p>\n<\/div>\n<p>Solicite Or\u00e7amento online gr\u00e1tis para <strong>Projeto de Design de Interiores Online<\/strong><strong>.\u00a0<\/strong><a href=\"http:\/\/arquitetocaio.com.br\/consultoria-arquitetura-online\/\">clique aqui<\/a><\/p>\n<\/div>\n<\/div>\n<\/div>\n<\/div>\n<p>&nbsp;<\/p>\n","protected":false},"excerpt":{"rendered":"<p>Projeto de Design de Interiores Online e Totalmente Personalizado. Veja como \u00e9 simples, r\u00e1pido e barato projetar a decora\u00e7\u00e3o de sua casa ou apartamento com quem tem mais de 1000 projetos entregues e 100% de satisfa\u00e7\u00e3o. Solicite Or\u00e7amento online gr\u00e1tis para Projeto de Design de Interiores Online.\u00a0clique aqui Veja como \u00e9 facil: 1\u00b0 PASSO \u2013 SOLICITAR OR\u00c7AMENTO Projeto de Design&#8230;<\/p>\n","protected":false},"author":2,"featured_media":1171,"comment_status":"open","ping_status":"open","sticky":false,"template":"","format":"standard","meta":{"footnotes":""},"categories":[38,39,126,55,101,92,100,120,73,99],"tags":[110,35,30,58,107,106,111,31,64,28,103,102],"_links":{"self":[{"href":"https:\/\/arquitetocaio.com\/wpcp\/wp-json\/wp\/v2\/posts\/1345"}],"collection":[{"href":"https:\/\/arquitetocaio.com\/wpcp\/wp-json\/wp\/v2\/posts"}],"about":[{"href":"https:\/\/arquitetocaio.com\/wpcp\/wp-json\/wp\/v2\/types\/post"}],"author":[{"embeddable":true,"href":"https:\/\/arquitetocaio.com\/wpcp\/wp-json\/wp\/v2\/users\/2"}],"replies":[{"embeddable":true,"href":"https:\/\/arquitetocaio.com\/wpcp\/wp-json\/wp\/v2\/comments?post=1345"}],"version-history":[{"count":2,"href":"https:\/\/arquitetocaio.com\/wpcp\/wp-json\/wp\/v2\/posts\/1345\/revisions"}],"predecessor-version":[{"id":1347,"href":"https:\/\/arquitetocaio.com\/wpcp\/wp-json\/wp\/v2\/posts\/1345\/revisions\/1347"}],"wp:featuredmedia":[{"embeddable":true,"href":"https:\/\/arquitetocaio.com\/wpcp\/wp-json\/wp\/v2\/media\/1171"}],"wp:attachment":[{"href":"https:\/\/arquitetocaio.com\/wpcp\/wp-json\/wp\/v2\/media?parent=1345"}],"wp:term":[{"taxonomy":"category","embeddable":true,"href":"https:\/\/arquitetocaio.com\/wpcp\/wp-json\/wp\/v2\/categories?post=1345"},{"taxonomy":"post_tag","embeddable":true,"href":"https:\/\/arquitetocaio.com\/wpcp\/wp-json\/wp\/v2\/tags?post=1345"}],"curies":[{"name":"wp","href":"https:\/\/api.w.org\/{rel}","templated":true}]}}