{"id":7624,"date":"2025-05-05T18:18:58","date_gmt":"2025-05-05T21:18:58","guid":{"rendered":"https:\/\/arquitetocaio.com\/wpcp\/?p=7624"},"modified":"2025-05-05T18:18:59","modified_gmt":"2025-05-05T21:18:59","slug":"sala-com-painel-com-led-e-arandelas-de-decoracao","status":"publish","type":"post","link":"http:\/\/arquitetocaio.com\/wpcp\/sala-com-painel-com-led-e-arandelas-de-decoracao\/","title":{"rendered":"Sala com Painel com LED e Arandelas de Decora\u00e7\u00e3o"},"content":{"rendered":"\n<p>Se voc\u00ea esta buscando Sala com Painel com LED e Arandelas de Decora\u00e7\u00e3o, ent\u00e3o voc\u00ea est\u00e1 no melhor site!<\/p>\n\n\n\n<p>Uma sala com painel com LED e arandelas de decora\u00e7\u00e3o representa uma solu\u00e7\u00e3o elegante para transformar o ambiente social da casa. <\/p>\n\n\n\n<p>A ilumina\u00e7\u00e3o em LED, aplicada ao painel da TV ou de destaque, cria um efeito visual sofisticado, valorizando texturas, volumes e acabamentos. <\/p>\n\n\n\n<figure class=\"wp-block-image size-large\"><img loading=\"lazy\" decoding=\"async\" width=\"1366\" height=\"1025\" src=\"http:\/\/arquitetocaio.com\/wpcp\/wp-content\/uploads\/2025\/05\/sala-com-painel-com-led-e-arandelas-de-decoracao-2-1366x1025.jpg\" alt=\"Sala com Painel com LED e Arandelas de Decora\u00e7\u00e3o\" class=\"wp-image-7626\" srcset=\"http:\/\/arquitetocaio.com\/wpcp\/wp-content\/uploads\/2025\/05\/sala-com-painel-com-led-e-arandelas-de-decoracao-2-1366x1025.jpg 1366w, http:\/\/arquitetocaio.com\/wpcp\/wp-content\/uploads\/2025\/05\/sala-com-painel-com-led-e-arandelas-de-decoracao-2-684x513.jpg 684w, http:\/\/arquitetocaio.com\/wpcp\/wp-content\/uploads\/2025\/05\/sala-com-painel-com-led-e-arandelas-de-decoracao-2-768x576.jpg 768w, http:\/\/arquitetocaio.com\/wpcp\/wp-content\/uploads\/2025\/05\/sala-com-painel-com-led-e-arandelas-de-decoracao-2-370x277.jpg 370w, http:\/\/arquitetocaio.com\/wpcp\/wp-content\/uploads\/2025\/05\/sala-com-painel-com-led-e-arandelas-de-decoracao-2-160x120.jpg 160w, http:\/\/arquitetocaio.com\/wpcp\/wp-content\/uploads\/2025\/05\/sala-com-painel-com-led-e-arandelas-de-decoracao-2.jpg 1440w\" sizes=\"(max-width: 1366px) 100vw, 1366px\" \/><\/figure>\n\n\n\n<p>Al\u00e9m de proporcionar conforto visual, o LED \u00e9 uma op\u00e7\u00e3o econ\u00f4mica e vers\u00e1til, com possibilidade de dimeriza\u00e7\u00e3o para diferentes momentos do dia.<\/p>\n\n\n\n<p>As arandelas de decora\u00e7\u00e3o entram como elementos-chave no projeto luminot\u00e9cnico, agregando charme e personalidade ao espa\u00e7o. <\/p>\n\n\n\n<p>Ent\u00e3o, nossa equipe est\u00e1 pronta para te atender e te ajudar com seu&nbsp;<a href=\"https:\/\/italicohomes.com\/projetos\/\">projeto<\/a>.<\/p>\n\n\n\n<p>Nosso escrit\u00f3rio \u00e9 especialista em Sala com Painel com LED e Arandelas de Decora\u00e7\u00e3o.<\/p>\n\n\n\n<figure class=\"wp-block-image size-large\"><img loading=\"lazy\" decoding=\"async\" width=\"1366\" height=\"1025\" src=\"http:\/\/arquitetocaio.com\/wpcp\/wp-content\/uploads\/2025\/05\/sala-com-painel-com-led-e-arandelas-de-decoracao-3-1366x1025.jpg\" alt=\"Sala com Painel com LED e Arandelas de Decora\u00e7\u00e3o\" class=\"wp-image-7627\" srcset=\"http:\/\/arquitetocaio.com\/wpcp\/wp-content\/uploads\/2025\/05\/sala-com-painel-com-led-e-arandelas-de-decoracao-3-1366x1025.jpg 1366w, http:\/\/arquitetocaio.com\/wpcp\/wp-content\/uploads\/2025\/05\/sala-com-painel-com-led-e-arandelas-de-decoracao-3-684x513.jpg 684w, http:\/\/arquitetocaio.com\/wpcp\/wp-content\/uploads\/2025\/05\/sala-com-painel-com-led-e-arandelas-de-decoracao-3-768x576.jpg 768w, http:\/\/arquitetocaio.com\/wpcp\/wp-content\/uploads\/2025\/05\/sala-com-painel-com-led-e-arandelas-de-decoracao-3-370x277.jpg 370w, http:\/\/arquitetocaio.com\/wpcp\/wp-content\/uploads\/2025\/05\/sala-com-painel-com-led-e-arandelas-de-decoracao-3-160x120.jpg 160w, http:\/\/arquitetocaio.com\/wpcp\/wp-content\/uploads\/2025\/05\/sala-com-painel-com-led-e-arandelas-de-decoracao-3.jpg 1440w\" sizes=\"(max-width: 1366px) 100vw, 1366px\" \/><\/figure>\n\n\n\n<p>Dessa forma, se gostou desse projeto, nos chame em nosso <a href=\"https:\/\/api.whatsapp.com\/send\/?phone=5519981337909&amp;text=Ol%C3%A1%2C+gostaria+de+saber+mais+sobre+os+servi%C3%A7os+da+Italico&amp;app_absent=0\">WhatsApp,<\/a> vamos conversar sobre sua futura casa.<\/p>\n\n\n\n<p>Elas podem compor paredes laterais ou destacar objetos e revestimentos com luz suave e direcionada.<\/p>\n\n\n\n<p>Quando combinadas ao painel iluminado, as arandelas criam camadas de ilumina\u00e7\u00e3o que tornam a sala mais acolhedora e visualmente interessante.<\/p>\n\n\n\n<p>Veja tamb\u00e9m esse <a href=\"https:\/\/www.youtube.com\/watch?v=dLD1_l3XLiQ\">projeto de design de interiores<\/a>!<\/p>\n\n\n\n<figure class=\"wp-block-image size-large\"><img loading=\"lazy\" decoding=\"async\" width=\"1366\" height=\"1025\" src=\"http:\/\/arquitetocaio.com\/wpcp\/wp-content\/uploads\/2025\/05\/sala-com-painel-com-led-e-arandelas-de-decoracao-1-1366x1025.jpg\" alt=\"Sala com Painel com LED e Arandelas de Decora\u00e7\u00e3o\" class=\"wp-image-7625\" srcset=\"http:\/\/arquitetocaio.com\/wpcp\/wp-content\/uploads\/2025\/05\/sala-com-painel-com-led-e-arandelas-de-decoracao-1-1366x1025.jpg 1366w, http:\/\/arquitetocaio.com\/wpcp\/wp-content\/uploads\/2025\/05\/sala-com-painel-com-led-e-arandelas-de-decoracao-1-684x513.jpg 684w, http:\/\/arquitetocaio.com\/wpcp\/wp-content\/uploads\/2025\/05\/sala-com-painel-com-led-e-arandelas-de-decoracao-1-768x576.jpg 768w, http:\/\/arquitetocaio.com\/wpcp\/wp-content\/uploads\/2025\/05\/sala-com-painel-com-led-e-arandelas-de-decoracao-1-370x277.jpg 370w, http:\/\/arquitetocaio.com\/wpcp\/wp-content\/uploads\/2025\/05\/sala-com-painel-com-led-e-arandelas-de-decoracao-1-160x120.jpg 160w, http:\/\/arquitetocaio.com\/wpcp\/wp-content\/uploads\/2025\/05\/sala-com-painel-com-led-e-arandelas-de-decoracao-1.jpg 1440w\" sizes=\"(max-width: 1366px) 100vw, 1366px\" \/><\/figure>\n\n\n\n<p>Para garantir um resultado harmonioso, \u00e9 essencial que a disposi\u00e7\u00e3o dos pontos de luz dialogue com o estilo dos m\u00f3veis e a paleta de cores. <\/p>\n\n\n\n<p>Ent\u00e3o, o uso estrat\u00e9gico de pain\u00e9is com LED e arandelas de decora\u00e7\u00e3o \u00e9 uma tend\u00eancia em alta que une est\u00e9tica, funcionalidade e valoriza\u00e7\u00e3o do im\u00f3vel.<\/p>\n\n\n\n<p>Entre em contato agora mesmo atrav\u00e9s do&nbsp;WhatsApp: (19) 98133-7909 ou Clique no Link&nbsp;<a href=\"https:\/\/wa.me\/5519981337909\">https:\/\/wa.me\/5519981337909<\/a><\/p>\n\n\n\n<h3 class=\"wp-block-heading\">Al\u00e9m disso, conhe\u00e7a tamb\u00e9m nossas redes sociais:<\/h3>\n\n\n\n<p><a href=\"https:\/\/www.youtube.com\/c\/ItalicoSpecialHomes\/videos\">Youtube<\/a><\/p>\n\n\n\n<p><a href=\"https:\/\/www.instagram.com\/italicohomes\/\">Instagram<\/a><\/p>\n\n\n\n<p><a href=\"https:\/\/br.pinterest.com\/italicohomes\/_created\/\">Pinterest<\/a><\/p>\n\n\n\n<p>Queremos te ajudar a fazer o projeto dos seus sonhos.<\/p>\n\n\n\n<p>Veja tamb\u00e9m outros Projetos para Sala em nosso <a href=\"https:\/\/italicohomes.com\/\">site.<\/a><\/p>\n","protected":false},"excerpt":{"rendered":"<p>Se voc\u00ea esta buscando Sala com Painel com LED e Arandelas de Decora\u00e7\u00e3o, ent\u00e3o voc\u00ea est\u00e1 no melhor site! Uma sala com painel com LED e arandelas de decora\u00e7\u00e3o representa uma solu\u00e7\u00e3o elegante para transformar o ambiente social da casa. A ilumina\u00e7\u00e3o em LED, aplicada ao painel da TV ou de destaque, cria um efeito visual sofisticado, valorizando texturas, volumes&#8230;<\/p>\n","protected":false},"author":4514,"featured_media":0,"comment_status":"closed","ping_status":"closed","sticky":false,"template":"","format":"standard","meta":{"footnotes":""},"categories":[2840,3571,1853,145,515,126,104,92,803],"tags":[1337,3577,2321,1315,3578,434,316,46,1339,111,731,3579,1974,3582],"_links":{"self":[{"href":"http:\/\/arquitetocaio.com\/wpcp\/wp-json\/wp\/v2\/posts\/7624"}],"collection":[{"href":"http:\/\/arquitetocaio.com\/wpcp\/wp-json\/wp\/v2\/posts"}],"about":[{"href":"http:\/\/arquitetocaio.com\/wpcp\/wp-json\/wp\/v2\/types\/post"}],"author":[{"embeddable":true,"href":"http:\/\/arquitetocaio.com\/wpcp\/wp-json\/wp\/v2\/users\/4514"}],"replies":[{"embeddable":true,"href":"http:\/\/arquitetocaio.com\/wpcp\/wp-json\/wp\/v2\/comments?post=7624"}],"version-history":[{"count":1,"href":"http:\/\/arquitetocaio.com\/wpcp\/wp-json\/wp\/v2\/posts\/7624\/revisions"}],"predecessor-version":[{"id":7628,"href":"http:\/\/arquitetocaio.com\/wpcp\/wp-json\/wp\/v2\/posts\/7624\/revisions\/7628"}],"wp:attachment":[{"href":"http:\/\/arquitetocaio.com\/wpcp\/wp-json\/wp\/v2\/media?parent=7624"}],"wp:term":[{"taxonomy":"category","embeddable":true,"href":"http:\/\/arquitetocaio.com\/wpcp\/wp-json\/wp\/v2\/categories?post=7624"},{"taxonomy":"post_tag","embeddable":true,"href":"http:\/\/arquitetocaio.com\/wpcp\/wp-json\/wp\/v2\/tags?post=7624"}],"curies":[{"name":"wp","href":"https:\/\/api.w.org\/{rel}","templated":true}]}}