{"id":5918,"date":"2018-09-13T10:58:58","date_gmt":"2018-09-13T13:58:58","guid":{"rendered":"http:\/\/arquitetocaio.com.br\/?p=5918"},"modified":"2018-09-13T10:58:58","modified_gmt":"2018-09-13T13:58:58","slug":"3-dicas-de-decoracao-para-um-apartamento-de-luxo","status":"publish","type":"post","link":"http:\/\/arquitetocaio.com\/wpcp\/3-dicas-de-decoracao-para-um-apartamento-de-luxo\/","title":{"rendered":"3 Dicas de decora\u00e7\u00e3o para um apartamento de luxo"},"content":{"rendered":"<h1><strong>Voc\u00ea conquistou seu im\u00f3vel de alto padr\u00e3o e quer manter o luxo em sua decora\u00e7\u00e3o, este artigo foi feito para voc\u00ea! Confira nossas dicas de decora\u00e7\u00e3o para um apartamento de luxo.<\/strong><\/h1>\n<div id=\"attachment_4508\" style=\"width: 694px\" class=\"wp-caption alignnone\"><a href=\"http:\/\/arquitetocaio.com.br\/projeto-decoracao-e-design-interiores-ambientes-apartamento-reserva-mairare-sao-paulo-arquiteto\/projeto-decoracao-apartamento-180-metros-alto-padrao-luxuoso-moderno-ambientes-integrados-varanda-gourmet-25\/\" rel=\"attachment wp-att-4508\"><img loading=\"lazy\" decoding=\"async\" aria-describedby=\"caption-attachment-4508\" class=\"size-medium wp-image-4508\" src=\"http:\/\/arquitetocaio.com\/wpcp\/wp-content\/uploads\/2018\/01\/projeto-decoracao-apartamento-180-metros-alto-padrao-luxuoso-moderno-ambientes-integrados-varanda-gourmet-25-684x513.jpg\" alt=\"projeto decora\u00e7\u00e3o apartamento 180 metros alto padr\u00e3o luxuoso moderno ambientes integrados varanda gourmet\" width=\"684\" height=\"513\" srcset=\"http:\/\/arquitetocaio.com\/wpcp\/wp-content\/uploads\/2018\/01\/projeto-decoracao-apartamento-180-metros-alto-padrao-luxuoso-moderno-ambientes-integrados-varanda-gourmet-25-684x513.jpg 684w, http:\/\/arquitetocaio.com\/wpcp\/wp-content\/uploads\/2018\/01\/projeto-decoracao-apartamento-180-metros-alto-padrao-luxuoso-moderno-ambientes-integrados-varanda-gourmet-25-768x576.jpg 768w, http:\/\/arquitetocaio.com\/wpcp\/wp-content\/uploads\/2018\/01\/projeto-decoracao-apartamento-180-metros-alto-padrao-luxuoso-moderno-ambientes-integrados-varanda-gourmet-25-370x277.jpg 370w, http:\/\/arquitetocaio.com\/wpcp\/wp-content\/uploads\/2018\/01\/projeto-decoracao-apartamento-180-metros-alto-padrao-luxuoso-moderno-ambientes-integrados-varanda-gourmet-25-160x120.jpg 160w, http:\/\/arquitetocaio.com\/wpcp\/wp-content\/uploads\/2018\/01\/projeto-decoracao-apartamento-180-metros-alto-padrao-luxuoso-moderno-ambientes-integrados-varanda-gourmet-25.jpg 900w\" sizes=\"(max-width: 684px) 100vw, 684px\" \/><\/a><p id=\"caption-attachment-4508\" class=\"wp-caption-text\">projeto decora\u00e7\u00e3o apartamento 180 metros alto padr\u00e3o luxuoso moderno ambientes integrados varanda gourmet<\/p><\/div>\n<p>Um <strong>apartamento de luxo<\/strong> \u00e9 um dos melhores investimentos que se pode fazer, tanto pela valoriza\u00e7\u00e3o posterior no mercado quanto pelo conforto, qualidade e seguran\u00e7a que este im\u00f3vel pode oferecer. Por isso separamos as melhores <strong>dicas de decora\u00e7\u00e3o para um apartamento de luxo.<\/strong><\/p>\n<p>Quando a obra \u00e9 finalizada, o acabamento deve ser pensado, pois falta a parte fundamental para se poder morar em sua nova resid\u00eancia, a mob\u00edlia e outros artigos, como eletrodom\u00e9sticos e objetos para decora\u00e7\u00e3o.<\/p>\n<p>Justamente nessa hora \u00e9 importante um <strong>planejamento<\/strong>, pois de nada adianta ter uma bela constru\u00e7\u00e3o e desvaloriz\u00e1-lo com qualquer m\u00f3vel ou objeto que n\u00e3o acompanhem a ideia de <strong>luxo<\/strong> que \u00e9 uma das caracter\u00edsticas mais marcantes de um apartamento de <strong>alto padr\u00e3o<\/strong>.<\/p>\n<div id=\"attachment_4227\" style=\"width: 694px\" class=\"wp-caption alignnone\"><a href=\"http:\/\/arquitetocaio.com.br\/apartamento-com-decoracao-estilo-industrial-urbano-jovem\/projeto-decoracao-design-apartamento-industrial-urbano-ambientes-jovens-reservatto-limeira-23\/\" rel=\"attachment wp-att-4227\"><img loading=\"lazy\" decoding=\"async\" aria-describedby=\"caption-attachment-4227\" class=\"size-medium wp-image-4227\" src=\"http:\/\/arquitetocaio.com\/wpcp\/wp-content\/uploads\/2017\/11\/projeto-decoracao-design-apartamento-industrial-urbano-ambientes-jovens-reservatto-limeira-23-684x684.jpg\" alt=\"projeto decora\u00e7\u00e3o design apartamento industrial urbano ambientes jovens reservatto limeira\" width=\"684\" height=\"684\" srcset=\"http:\/\/arquitetocaio.com\/wpcp\/wp-content\/uploads\/2017\/11\/projeto-decoracao-design-apartamento-industrial-urbano-ambientes-jovens-reservatto-limeira-23-684x684.jpg 684w, http:\/\/arquitetocaio.com\/wpcp\/wp-content\/uploads\/2017\/11\/projeto-decoracao-design-apartamento-industrial-urbano-ambientes-jovens-reservatto-limeira-23-342x342.jpg 342w, http:\/\/arquitetocaio.com\/wpcp\/wp-content\/uploads\/2017\/11\/projeto-decoracao-design-apartamento-industrial-urbano-ambientes-jovens-reservatto-limeira-23-768x768.jpg 768w, http:\/\/arquitetocaio.com\/wpcp\/wp-content\/uploads\/2017\/11\/projeto-decoracao-design-apartamento-industrial-urbano-ambientes-jovens-reservatto-limeira-23-100x100.jpg 100w, http:\/\/arquitetocaio.com\/wpcp\/wp-content\/uploads\/2017\/11\/projeto-decoracao-design-apartamento-industrial-urbano-ambientes-jovens-reservatto-limeira-23-370x370.jpg 370w, http:\/\/arquitetocaio.com\/wpcp\/wp-content\/uploads\/2017\/11\/projeto-decoracao-design-apartamento-industrial-urbano-ambientes-jovens-reservatto-limeira-23-160x160.jpg 160w, http:\/\/arquitetocaio.com\/wpcp\/wp-content\/uploads\/2017\/11\/projeto-decoracao-design-apartamento-industrial-urbano-ambientes-jovens-reservatto-limeira-23-480x480.jpg 480w, http:\/\/arquitetocaio.com\/wpcp\/wp-content\/uploads\/2017\/11\/projeto-decoracao-design-apartamento-industrial-urbano-ambientes-jovens-reservatto-limeira-23-456x456.jpg 456w, http:\/\/arquitetocaio.com\/wpcp\/wp-content\/uploads\/2017\/11\/projeto-decoracao-design-apartamento-industrial-urbano-ambientes-jovens-reservatto-limeira-23-120x120.jpg 120w, http:\/\/arquitetocaio.com\/wpcp\/wp-content\/uploads\/2017\/11\/projeto-decoracao-design-apartamento-industrial-urbano-ambientes-jovens-reservatto-limeira-23-266x266.jpg 266w, http:\/\/arquitetocaio.com\/wpcp\/wp-content\/uploads\/2017\/11\/projeto-decoracao-design-apartamento-industrial-urbano-ambientes-jovens-reservatto-limeira-23.jpg 900w\" sizes=\"(max-width: 684px) 100vw, 684px\" \/><\/a><p id=\"caption-attachment-4227\" class=\"wp-caption-text\">projeto decora\u00e7\u00e3o design apartamento industrial urbano ambientes jovens reservatto limeira<\/p><\/div>\n<h2><strong>Ter um projeto de ilumina\u00e7\u00e3o \u00e9 imprescind\u00edvel<\/strong><\/h2>\n<p>Na fase de obras, al\u00e9m do engenheiro civil e engenheiro hidr\u00e1ulico, n\u00e3o se pode esquecer de contratar um <strong>engenheiro<\/strong> el\u00e9trico, capaz de oferecer um projeto inteligente para o cabeamento das instala\u00e7\u00f5es el\u00e9tricas da forma mais pr\u00e1tica e otimizada poss\u00edvel.<\/p>\n<p>O <strong>projeto de ilumina\u00e7\u00e3o<\/strong> para fins de decora\u00e7\u00e3o, no entanto, \u00e9 feito por outro profissional, o \u201clight designer\u201d, cuja fun\u00e7\u00e3o \u00e9 justamente adequar a luz do seu apartamento com o estilo da sua decora\u00e7\u00e3o.<\/p>\n<h2><strong>Por que isso \u00e9 importante? <\/strong><\/h2>\n<p>A luz por si s\u00f3, se bem utilizada, tamb\u00e9m \u00e9 respons\u00e1vel pela sensa\u00e7\u00e3o de conforto e bem-estar.<\/p>\n<p>Al\u00e9m de que os artigos utilizados para iluminar a sua casa s\u00e3o acess\u00f3rios de decora\u00e7\u00e3o tamb\u00e9m, como lustres, abajures, spots de luz e comp\u00f5em parte do estilo luxuoso de sua resid\u00eancia.<\/p>\n<p>Para que voc\u00ea possa entender melhor sobre como decorar seu <strong>im\u00f3vel de alto padr\u00e3o<\/strong>, separamos 3 dicas essenciais e infal\u00edveis!<\/p>\n<div id=\"attachment_4210\" style=\"width: 650px\" class=\"wp-caption alignnone\"><a href=\"http:\/\/arquitetocaio.com.br\/apartamento-com-decoracao-estilo-industrial-urbano-jovem\/projeto-decoracao-design-apartamento-industrial-urbano-ambientes-jovens-reservatto-limeira-6\/\" rel=\"attachment wp-att-4210\"><img loading=\"lazy\" decoding=\"async\" aria-describedby=\"caption-attachment-4210\" class=\"size-medium wp-image-4210\" src=\"http:\/\/arquitetocaio.com\/wpcp\/wp-content\/uploads\/2017\/11\/projeto-decoracao-design-apartamento-industrial-urbano-ambientes-jovens-reservatto-limeira-6-640x684.jpg\" alt=\"projeto decora\u00e7\u00e3o design apartamento industrial urbano ambientes jovens reservatto limeira\" width=\"640\" height=\"684\" srcset=\"http:\/\/arquitetocaio.com\/wpcp\/wp-content\/uploads\/2017\/11\/projeto-decoracao-design-apartamento-industrial-urbano-ambientes-jovens-reservatto-limeira-6-640x684.jpg 640w, http:\/\/arquitetocaio.com\/wpcp\/wp-content\/uploads\/2017\/11\/projeto-decoracao-design-apartamento-industrial-urbano-ambientes-jovens-reservatto-limeira-6-768x821.jpg 768w, http:\/\/arquitetocaio.com\/wpcp\/wp-content\/uploads\/2017\/11\/projeto-decoracao-design-apartamento-industrial-urbano-ambientes-jovens-reservatto-limeira-6-370x395.jpg 370w, http:\/\/arquitetocaio.com\/wpcp\/wp-content\/uploads\/2017\/11\/projeto-decoracao-design-apartamento-industrial-urbano-ambientes-jovens-reservatto-limeira-6-150x160.jpg 150w, http:\/\/arquitetocaio.com\/wpcp\/wp-content\/uploads\/2017\/11\/projeto-decoracao-design-apartamento-industrial-urbano-ambientes-jovens-reservatto-limeira-6.jpg 900w\" sizes=\"(max-width: 640px) 100vw, 640px\" \/><\/a><p id=\"caption-attachment-4210\" class=\"wp-caption-text\">projeto decora\u00e7\u00e3o design apartamento industrial urbano ambientes jovens reservatto limeira<\/p><\/div>\n<h2><strong>3 dicas de decora\u00e7\u00e3o para apartamentos de luxo<\/strong><\/h2>\n<ul>\n<li><strong>Cores \u2013 <\/strong>a decora\u00e7\u00e3o deve come\u00e7ar desde a pintura. Cada <strong>ambiente decorado<\/strong> deve ter as cores com base na sensa\u00e7\u00e3o que se quer ter ao estar nele. Normalmente, para um <strong>apartamento de luxo<\/strong> se sugere uma paleta de cores em tons de bege, cinza e branco, pois s\u00e3o cores que aos olhos proporcionam mais conforto e aconchego. As cores dos m\u00f3veis tamb\u00e9m devem contratar de forma equilibrada com os tons escolhidos.<\/li>\n<li><strong>Espelhos \u2013 <\/strong>Um grande truque para im\u00f3veis menores, como \u00e9 o caso dos <strong>apartamentos<\/strong>, \u00e9 o uso de espelhos. Eles devem ter grandes em altura e largura para preencher completamente ou parcialmente o espa\u00e7o das paredes e serem dispostos pelos ambientes da sua casa. Al\u00e9m de dar <strong>beleza<\/strong> ao lugar, os espelhos d\u00e3o, tamb\u00e9m, a impress\u00e3o de que os c\u00f4modos s\u00e3o mais amplos.<\/li>\n<li><strong>M\u00f3veis com design inovador \u2013 <\/strong>Outra dica importante \u00e9 apostar em m\u00f3veis que fogem da est\u00e9tica comum, seja pelo formato ou pelo acabamento. Alguns optam por aqueles de estilo retr\u00f4, outros preferem aqueles com uma atmosfera mais futur\u00edstica. Depende muito do gosto do propriet\u00e1rio. Entretanto, apenas possuir <strong>m\u00f3veis incr\u00edveis<\/strong> n\u00e3o \u00e9 o suficiente se voc\u00ea n\u00e3o souber coloc\u00e1-lo em um lugar de destaque nos ambientes, de forma que harmonize com os outros <strong>artigos de decora\u00e7\u00e3o<\/strong>, com a luz e as cores.<\/li>\n<\/ul>\n<h2>Leia o Regulamento do Condom\u00ednio antes de decorar<\/h2>\n<p>\u00c9 importante ler o regulamento do Condom\u00ednio de Alto Padr\u00e3o antes de reformar, existem algumas especifica\u00e7\u00f5es que voc\u00ea precisa conhecer, para que n\u00e3o haja nenhum equ\u00edvoco.<\/p>\n<p><strong>Aqui apresentamos um exemplo de Regulamento:<\/strong><\/p>\n<blockquote><p><strong>Condom\u00ednio Terra de S\u00e3o Bento II:<\/strong><\/p>\n<p><b>REGULAMENTO INTERNO<\/b><\/p>\n<p><span style=\"font-weight: 400;\">ALTERA\u00c7\u00c3O Item 2.1.3 DE: Fica proibido o in\u00edcio de qualquer obra, ou realiza\u00e7\u00e3o de qualquer tipo de servi\u00e7o nos lotes sem a aprova\u00e7\u00e3o do projeto do servi\u00e7o ou obra a ser realizado no mesmo. A aprova\u00e7\u00e3o ser\u00e1 realizada pelo Engenheiro contratado pela Associa\u00e7\u00e3o dos Moradores do Terras de S\u00e3o Bento II. PARA: 2.1.3- Fica proibido o in\u00edcio de qualquer obra, ou realiza\u00e7\u00e3o de qualquer tipo de servi\u00e7o nos lotes sem a aprova\u00e7\u00e3o do projeto do servi\u00e7o ou obra a ser realizado no mesmo. A aprova\u00e7\u00e3o ser\u00e1 realizada por profissional qualificado contratado pela Associa\u00e7\u00e3o dos Propriet\u00e1rios do Terras de S\u00e3o Bento II.<\/span><\/p><\/blockquote>\n<p><strong>Para saber mais sobre decora\u00e7\u00e3o e im\u00f3veis de luxo, n\u00e3o deixe de acompanhar os nossos artigos!<\/strong><\/p>\n<p><strong>AGORA QUE VOC\u00ca SABE UM POUCO MAIS SOBRE A ARQUITETURA DE CASAS NEOCL\u00c1SSICAS NO BRASIL, ENTRE EM CONTATO CONOSCO ATRAV\u00c9S DO NOSSO\u00a0E-MAIL: CONTATO@ARQUITETOCAIO.COM\u00a0OU AINDA, PELO\u00a0WHATSAPP 19 981337909\u00a0E FA\u00c7A SEU OR\u00c7AMENTO. ESTAMOS SEMPRE PRONTOS PARA ATEND\u00ca-LO!<\/strong><\/p>\n","protected":false},"excerpt":{"rendered":"<p>Voc\u00ea conquistou seu im\u00f3vel de alto padr\u00e3o e quer manter o luxo em sua decora\u00e7\u00e3o, este artigo foi feito para voc\u00ea! Confira nossas dicas de decora\u00e7\u00e3o para um apartamento de luxo. Um apartamento de luxo \u00e9 um dos melhores investimentos que se pode fazer, tanto pela valoriza\u00e7\u00e3o posterior no mercado quanto pelo conforto, qualidade e seguran\u00e7a que este im\u00f3vel pode&#8230;<\/p>\n","protected":false},"author":2,"featured_media":5156,"comment_status":"open","ping_status":"open","sticky":false,"template":"","format":"standard","meta":{"footnotes":""},"categories":[93,2840,1967,2858,3094,67,126,1167,681,174,197,1290,104,173,555,40,159,100,146,121,147,236,120,37,73,803,205,160,1,2751,1678,514,1677],"tags":[632,1406,1401,2569,2576,2596,317,986,1604,2589,103,2585,1063,319,2487,2594,2571],"_links":{"self":[{"href":"http:\/\/arquitetocaio.com\/wpcp\/wp-json\/wp\/v2\/posts\/5918"}],"collection":[{"href":"http:\/\/arquitetocaio.com\/wpcp\/wp-json\/wp\/v2\/posts"}],"about":[{"href":"http:\/\/arquitetocaio.com\/wpcp\/wp-json\/wp\/v2\/types\/post"}],"author":[{"embeddable":true,"href":"http:\/\/arquitetocaio.com\/wpcp\/wp-json\/wp\/v2\/users\/2"}],"replies":[{"embeddable":true,"href":"http:\/\/arquitetocaio.com\/wpcp\/wp-json\/wp\/v2\/comments?post=5918"}],"version-history":[{"count":1,"href":"http:\/\/arquitetocaio.com\/wpcp\/wp-json\/wp\/v2\/posts\/5918\/revisions"}],"predecessor-version":[{"id":5919,"href":"http:\/\/arquitetocaio.com\/wpcp\/wp-json\/wp\/v2\/posts\/5918\/revisions\/5919"}],"wp:featuredmedia":[{"embeddable":true,"href":"http:\/\/arquitetocaio.com\/wpcp\/wp-json\/wp\/v2\/media\/5156"}],"wp:attachment":[{"href":"http:\/\/arquitetocaio.com\/wpcp\/wp-json\/wp\/v2\/media?parent=5918"}],"wp:term":[{"taxonomy":"category","embeddable":true,"href":"http:\/\/arquitetocaio.com\/wpcp\/wp-json\/wp\/v2\/categories?post=5918"},{"taxonomy":"post_tag","embeddable":true,"href":"http:\/\/arquitetocaio.com\/wpcp\/wp-json\/wp\/v2\/tags?post=5918"}],"curies":[{"name":"wp","href":"https:\/\/api.w.org\/{rel}","templated":true}]}}