{"id":4938,"date":"2018-04-06T11:10:54","date_gmt":"2018-04-06T14:10:54","guid":{"rendered":"http:\/\/arquitetocaio.com.br\/?p=4938"},"modified":"2018-04-06T11:10:54","modified_gmt":"2018-04-06T14:10:54","slug":"neoplasticismo","status":"publish","type":"post","link":"http:\/\/arquitetocaio.com\/wpcp\/neoplasticismo\/","title":{"rendered":"Neoplasticismo"},"content":{"rendered":"<p>O\u00a0<strong>Neoplasticismo<\/strong> foi um movimento art\u00edstico de vanguarda, o qual foi liderado por Piet Mondrian. Esse movimento estava relacionado \u00e0 arte abstrata. Por ser um movimento marcante na arquitetura, tendo influ\u00eancia at\u00e9 aos dias de hoje, nesse artigo veremos um pouco mais sobre esse movimento art\u00edstico.\u00a0<!--more--><\/p>\n<h2>Caracter\u00edsticas do neoplasticismo<\/h2>\n<p><img loading=\"lazy\" decoding=\"async\" class=\"alignnone size-medium wp-image-4940\" src=\"http:\/\/arquitetocaio.com\/wpcp\/wp-content\/uploads\/2018\/04\/neoplasticismo-Mondrian-684x684.png\" alt=\"neoplasticismo Mondrian\" width=\"684\" height=\"684\" srcset=\"http:\/\/arquitetocaio.com\/wpcp\/wp-content\/uploads\/2018\/04\/neoplasticismo-Mondrian-684x684.png 684w, http:\/\/arquitetocaio.com\/wpcp\/wp-content\/uploads\/2018\/04\/neoplasticismo-Mondrian-342x342.png 342w, http:\/\/arquitetocaio.com\/wpcp\/wp-content\/uploads\/2018\/04\/neoplasticismo-Mondrian-768x768.png 768w, http:\/\/arquitetocaio.com\/wpcp\/wp-content\/uploads\/2018\/04\/neoplasticismo-Mondrian-100x100.png 100w, http:\/\/arquitetocaio.com\/wpcp\/wp-content\/uploads\/2018\/04\/neoplasticismo-Mondrian-370x370.png 370w, http:\/\/arquitetocaio.com\/wpcp\/wp-content\/uploads\/2018\/04\/neoplasticismo-Mondrian-160x160.png 160w, http:\/\/arquitetocaio.com\/wpcp\/wp-content\/uploads\/2018\/04\/neoplasticismo-Mondrian-960x960.png 960w, http:\/\/arquitetocaio.com\/wpcp\/wp-content\/uploads\/2018\/04\/neoplasticismo-Mondrian-480x480.png 480w, http:\/\/arquitetocaio.com\/wpcp\/wp-content\/uploads\/2018\/04\/neoplasticismo-Mondrian-456x456.png 456w, http:\/\/arquitetocaio.com\/wpcp\/wp-content\/uploads\/2018\/04\/neoplasticismo-Mondrian-120x120.png 120w, http:\/\/arquitetocaio.com\/wpcp\/wp-content\/uploads\/2018\/04\/neoplasticismo-Mondrian-550x550.png 550w, http:\/\/arquitetocaio.com\/wpcp\/wp-content\/uploads\/2018\/04\/neoplasticismo-Mondrian.png 1024w\" sizes=\"(max-width: 684px) 100vw, 684px\" \/><\/p>\n<p>Uma das principais caracter\u00edsticas do\u00a0<strong>neoplasticismo<\/strong> \u00e9 que defendia a total limpeza espacial para a pintura. Na pr\u00e1tica, reduzia-se a pintura aos seus elementos mais puros, buscando as suas caracter\u00edsticas mais pr\u00f3prias.<\/p>\n<p>Tendo como base essa caracter\u00edstica, os artistas desse movimento, como Mondrian e Theo Van Doesburg, usavam apenas cores prim\u00e1rias no seu estado m\u00e1ximo de satura\u00e7\u00e3o. Usavam tamb\u00e9m as cores neutras (branco e preto), as quais s\u00e3o inexistentes na Natureza.<\/p>\n<p>Muitos olham para esse movimento art\u00edstico como um produto da revolta moral contra a viol\u00eancia que existia na Europa na altura. Mas tamb\u00e9m foram importantes outros fatores para o nascimento do\u00a0<strong>neoplasticismo<\/strong>, como o cubismo, o idealismo e a austeridade protestante holandesa.<\/p>\n<h3>Influ\u00eancia teos\u00f3fica<\/h3>\n<p>Helena Petrovna Blavatsky (s\u00e9culo XIX) fundou o movimento teos\u00f3fico. Ela alegava que o conflito entre a ci\u00eancia e a espiritualidade estava resolvido aplicando o conceito de evolu\u00e7\u00e3o da esp\u00e9cie a uma escala c\u00f3smica. Segundo o movimento teos\u00f3fico, todo o universo est\u00e1 evoluindo, e n\u00e3o s\u00f3 as esp\u00e9cies. N\u00f3s, humanos, vivemos sucessivas encarna\u00e7\u00f5es at\u00e9 alcan\u00e7armos a perfei\u00e7\u00e3o.<\/p>\n<p>Esse movimento teve uma grande influ\u00eancia em M.H.J. Schoenmaekers, um matem\u00e1tico que ficou conhecido por seu tratado &#8220;Matem\u00e1tica Expressiva&#8221;. Esse tratado teve uma forte influ\u00eancia na concep\u00e7\u00e3o art\u00edstica de Mondrian, especialmente em sua fase inicial de\u00a0<strong>neoplasticismo<\/strong>.<\/p>\n<p>De acordo com os membros do Se Stijl (neoplasticista), a ordem perfeita e universal s\u00f3 seria alcan\u00e7ada pela obedi\u00eancias \u00e0s leis que regem a produ\u00e7\u00e3o art\u00edstica, as quais previam uma arte n\u00e3o-figurativa. Isso porque a arte s\u00f3 poder\u00e1 expressar-se de uma forma esteticamente purificada, abstrata.<\/p>\n<p>Por essa mesma raz\u00e3o, o <strong>neoplasticismo<\/strong> retirava a arte figurativa, banindo o individualismo excessivo, e reduzia as suas ilustra\u00e7\u00f5es a elementos construtivos, como a cor, a linha, e o espa\u00e7o.<\/p>\n<blockquote><p><em>\u201cUma express\u00e3o individual n\u00e3o se torna uma express\u00e3o universal por meio da representa\u00e7\u00e3o figurativa, que se baseia em nossa concep\u00e7\u00e3o do sentimento, seja cl\u00e1ssica, rom\u00e2ntica, religiosa ou surrealista.\u201d &#8211; Mondrian<\/em><\/p><\/blockquote>\n<p>A forma de express\u00e3o universal \u00e9, assim, fruto da intui\u00e7\u00e3o mais pura, do pensamento mais puro, apesar de estarem sempre presentes est\u00edmulos advindos do mundo exterior, at\u00e9 porque s\u00e3o eles que provocam nos artistas o desejo de criar, de tornar concreto o que sentem atrav\u00e9s da arte.<\/p>\n<p>Note que os artistas do De Stijl, principalmente Piet Mondrian, n\u00e3o olhavam para a arte abstrata como oposta \u00e0 pr\u00f3pria natureza. Para eles este tipo de arte opunha-se, sim, \u00e0 natureza animal e do homem, pois n\u00e3o corresponde \u00e0 verdadeira natureza humana.<\/p>\n<h3>Est\u00e9tica<\/h3>\n<p>A redu\u00e7\u00e3o das obras a linhas retas e cores prim\u00e1rias assenta na \u00eanfase estruturas e na enorme necessidade do equil\u00edbrio assim\u00e9trico.<\/p>\n<p>Sendo assim, o\u00a0<strong>neoplasticismo<\/strong> caracteriza-se por uma rejei\u00e7\u00e3o da simetria, mas tamb\u00e9m pela busca de um equil\u00edbrio din\u00e2mico com o uso de linhas e \u00e2ngulos retos.<\/p>\n<p>Na altura n\u00e3o se percebia como se alcan\u00e7ava o equil\u00edbrio com a assimetria, mas a ideia era a de atribuir valores semelhantes \u00e0s combina\u00e7\u00f5es das cores e das linhas.<\/p>\n<p>Podemos dizer que se transformava a tela num plano que transformava o dualismo conte\u00fado-forma numa unidade insepar\u00e1vel.<\/p>\n<p>&nbsp;<\/p>\n<p>De facto, a no\u00e7\u00e3o de unidade era fundamental para o\u00a0<strong>neoplasticismo<\/strong>. Para elas as rela\u00e7\u00f5es equilibradas t\u00eam de ser as mais puras representa\u00e7\u00f5es do car\u00e1ter universal da ordem.<\/p>\n<p>Mondrian visava reconciliar o dualismo mat\u00e9ria-esp\u00edrito, mas tamb\u00e9m pretendia resolver o dualismo individual e coletivo.<\/p>\n<blockquote><p><em>\u201cAquilo que se expressa positivamente na plasticidade moderna \u2014 uma propor\u00e7\u00e3o equilibrada do peculiar e da generalidade \u2014 manifesta-se mais ou menos tamb\u00e9m na vida do homem moderno e constitui a causa original da reconstru\u00e7\u00e3o social de que somos testemunhas.\u201d &#8211; <span style=\"text-align: left; color: #333333; text-transform: none; line-height: 24px; text-indent: 0px; letter-spacing: normal; font-family: Georgia,'Times New Roman','Bitstream Charter',Times,serif; font-size: 16px; font-variant: normal; font-weight: 400; text-decoration: none; word-spacing: 0px; display: inline !important; white-space: normal; word-wrap: break-word; orphans: 2; float: none; -webkit-text-stroke-width: 0px; background-color: transparent;\">Van Doesburg<\/span><\/em><\/p><\/blockquote>\n<h2>Neoplasticismo e a Arquitetura<\/h2>\n<p><img loading=\"lazy\" decoding=\"async\" class=\"alignnone wp-image-4941\" src=\"http:\/\/arquitetocaio.com\/wpcp\/wp-content\/uploads\/2018\/04\/arquitetos-do-de-Stijl.jpg\" alt=\"\" width=\"800\" height=\"634\" srcset=\"http:\/\/arquitetocaio.com\/wpcp\/wp-content\/uploads\/2018\/04\/arquitetos-do-de-Stijl.jpg 531w, http:\/\/arquitetocaio.com\/wpcp\/wp-content\/uploads\/2018\/04\/arquitetos-do-de-Stijl-370x293.jpg 370w, http:\/\/arquitetocaio.com\/wpcp\/wp-content\/uploads\/2018\/04\/arquitetos-do-de-Stijl-160x127.jpg 160w\" sizes=\"(max-width: 800px) 100vw, 800px\" \/><\/p>\n<p>O\u00a0<strong>neoplasticismo<\/strong> n\u00e3o se ficou pela pintura. Ela pretendia envolver todos os espa\u00e7os, e isso s\u00f3 se conseguiria atrav\u00e9s da arquitetura.<\/p>\n<p>Como dizia H.B. Chipp:<\/p>\n<blockquote><p><em>&#8220;no futuro, a materializa\u00e7\u00e3o concreta dos valores pict\u00f3ricos suplantar\u00e1 a arte. Ent\u00e3o, j\u00e1 n\u00e3o precisaremos de quadros, pois viveremos no meio da arte realizada.&#8221;<\/em><\/p><\/blockquote>\n<p>V\u00e1rios arquitetos tiveram influ\u00eancia no De Stijl, e essa influ\u00eancia \u00e9 vis\u00edvel no trabalho de Van Doesburg.<\/p>\n<p>Um dos grandes marcos arquitet\u00f4nicos do De Stijl \u00e9 a &#8220;Casa Schr\u00f6der&#8221;. Esta foi projetada por Thomas Gerrit e constru\u00edda em Utrecht, em 1923-24. Essa cara se caracteriza pelo uso de linhas retas, cores b\u00e1sicas e planos. Todos os elementos de ornamenta\u00e7\u00e3o foram abolidos.<\/p>\n<h3>Principais Membros do Neoplasticismo:<\/h3>\n<ul>\n<li>Piet Mondrian (1872 \u2013 1944)<\/li>\n<li>Theo van Doesburg (1883 \u2013 1931)<\/li>\n<li>Gerrit Rietveld (1888 \u2013 1964)<\/li>\n<li>Ilya Bolotowsky (1907 \u2013 1981)<\/li>\n<li>Marlow Moss (1890 \u2013 1958)<\/li>\n<li>Am\u00e9d\u00e9e Ozenfant (1886 \u2013 1966)<\/li>\n<li>Max Bill (1908 \u2013 1994)<\/li>\n<li>Jean Gorin (1899 \u2013 1981)<\/li>\n<li>Burgoyne Diller (1906 \u2013 1965)<\/li>\n<li>Georges Vantongerloo (1886 \u2013 1965)<\/li>\n<li>Bart van der Leck (1876 \u2013 1958)<\/li>\n<\/ul>\n<p>&nbsp;<\/p>\n<p><em>Fonte: Este artigo usa material do artigo Wikipedia Neoplasticismo, que \u00e9 lan\u00e7ado sob o Creative Commons Attribution-Share-Alike License 3.0.<\/em><\/p>\n","protected":false},"excerpt":{"rendered":"<p>O\u00a0Neoplasticismo foi um movimento art\u00edstico de vanguarda, o qual foi liderado por Piet Mondrian. Esse movimento estava relacionado \u00e0 arte abstrata. Por ser um movimento marcante na arquitetura, tendo influ\u00eancia at\u00e9 aos dias de hoje, nesse artigo veremos um pouco mais sobre esse movimento art\u00edstico.\u00a0<\/p>\n","protected":false},"author":3,"featured_media":4939,"comment_status":"open","ping_status":"open","sticky":false,"template":"","format":"standard","meta":{"footnotes":""},"categories":[2862],"tags":[27,2865,2868,2867,2863,2864,2866],"_links":{"self":[{"href":"http:\/\/arquitetocaio.com\/wpcp\/wp-json\/wp\/v2\/posts\/4938"}],"collection":[{"href":"http:\/\/arquitetocaio.com\/wpcp\/wp-json\/wp\/v2\/posts"}],"about":[{"href":"http:\/\/arquitetocaio.com\/wpcp\/wp-json\/wp\/v2\/types\/post"}],"author":[{"embeddable":true,"href":"http:\/\/arquitetocaio.com\/wpcp\/wp-json\/wp\/v2\/users\/3"}],"replies":[{"embeddable":true,"href":"http:\/\/arquitetocaio.com\/wpcp\/wp-json\/wp\/v2\/comments?post=4938"}],"version-history":[{"count":1,"href":"http:\/\/arquitetocaio.com\/wpcp\/wp-json\/wp\/v2\/posts\/4938\/revisions"}],"predecessor-version":[{"id":4942,"href":"http:\/\/arquitetocaio.com\/wpcp\/wp-json\/wp\/v2\/posts\/4938\/revisions\/4942"}],"wp:featuredmedia":[{"embeddable":true,"href":"http:\/\/arquitetocaio.com\/wpcp\/wp-json\/wp\/v2\/media\/4939"}],"wp:attachment":[{"href":"http:\/\/arquitetocaio.com\/wpcp\/wp-json\/wp\/v2\/media?parent=4938"}],"wp:term":[{"taxonomy":"category","embeddable":true,"href":"http:\/\/arquitetocaio.com\/wpcp\/wp-json\/wp\/v2\/categories?post=4938"},{"taxonomy":"post_tag","embeddable":true,"href":"http:\/\/arquitetocaio.com\/wpcp\/wp-json\/wp\/v2\/tags?post=4938"}],"curies":[{"name":"wp","href":"https:\/\/api.w.org\/{rel}","templated":true}]}}