{"id":3268,"date":"2017-05-15T21:55:50","date_gmt":"2017-05-16T00:55:50","guid":{"rendered":"http:\/\/arquitetocaio.com.br\/?p=3268"},"modified":"2017-05-15T21:55:50","modified_gmt":"2017-05-16T00:55:50","slug":"fachadas-de-casas-neoclassicas-inspiracao-europeia","status":"publish","type":"post","link":"http:\/\/arquitetocaio.com\/wpcp\/fachadas-de-casas-neoclassicas-inspiracao-europeia\/","title":{"rendered":"Fachadas de Casas Neocl\u00e1ssicas inspira\u00e7\u00e3o Europ\u00e9ia"},"content":{"rendered":"<h1>Fachadas de Casas Neocl\u00e1ssicas inspira\u00e7\u00e3o Europ\u00e9ia<\/h1>\n<p>Confira Fachadas de Casas Neocl\u00e1ssicas inspira\u00e7\u00e3o Europ\u00e9ia<\/p>\n<div id=\"attachment_3252\" style=\"width: 694px\" class=\"wp-caption alignnone\"><a class=\"Fachadas de Casas Neocl\u00e1ssicas inspira\u00e7\u00e3o Europ\u00e9ia\" href=\"http:\/\/arquitetocaio.com.br\/?attachment_id=3252\" target=\"_blank\" rel=\"Fachadas de Casas Neocl\u00e1ssicas inspira\u00e7\u00e3o Europ\u00e9ia noopener noreferrer\"><img loading=\"lazy\" decoding=\"async\" aria-describedby=\"caption-attachment-3252\" class=\"Fachadas de Casas Neocl\u00e1ssicas inspira\u00e7\u00e3o Europ\u00e9ia wp-image-3252 size-medium\" title=\"Fachadas de Casas Neocl\u00e1ssicas inspira\u00e7\u00e3o Europ\u00e9ia\" src=\"http:\/\/arquitetocaio.com\/wpcp\/wp-content\/uploads\/2017\/05\/projeto-casa-terrea-mezanino-arquitetura-estilo-neoclassica-telhado-embutido-terreno-12x34-2-684x513.png\" alt=\"projeto casa terrea mezanino arquitetura estilo neoclassica telhado embutido terreno 12x34 Condominio Lagoa Araras\" width=\"684\" height=\"513\" \/><\/a><p id=\"caption-attachment-3252\" class=\"wp-caption-text\">projeto casa terrea mezanino arquitetura estilo neoclassica telhado embutido terreno 12&#215;34 Condominio Lagoa Araras<\/p><\/div>\n<div id=\"attachment_3251\" style=\"width: 694px\" class=\"wp-caption alignnone\"><a class=\"Fachadas de Casas Neocl\u00e1ssicas inspira\u00e7\u00e3o Europ\u00e9ia\" href=\"http:\/\/arquitetocaio.com.br\/projeto-de-casas-em-condominios-alto-padrao-em-araras\/projeto-casa-terrea-mezanino-arquitetura-estilo-neoclassica-telhado-embutido-terreno-12x34-1\/\" target=\"_blank\" rel=\"Fachadas de Casas Neocl\u00e1ssicas inspira\u00e7\u00e3o Europ\u00e9ia noopener noreferrer\"><img loading=\"lazy\" decoding=\"async\" aria-describedby=\"caption-attachment-3251\" class=\"Fachadas de Casas Neocl\u00e1ssicas inspira\u00e7\u00e3o Europ\u00e9ia wp-image-3251 size-medium\" title=\"Fachadas de Casas Neocl\u00e1ssicas inspira\u00e7\u00e3o Europ\u00e9ia\" src=\"http:\/\/arquitetocaio.com\/wpcp\/wp-content\/uploads\/2017\/05\/projeto-casa-terrea-mezanino-arquitetura-estilo-neoclassica-telhado-embutido-terreno-12x34-1-684x513.png\" alt=\"projeto casa terrea mezanino arquitetura estilo neoclassica telhado embutido terreno 12x34 Condominio Lagoa Araras\" width=\"684\" height=\"513\" \/><\/a><p id=\"caption-attachment-3251\" class=\"wp-caption-text\">projeto casa terrea mezanino arquitetura estilo neoclassica telhado embutido terreno 12&#215;34 Condominio Lagoa Araras<\/p><\/div>\n<div id=\"attachment_3243\" style=\"width: 694px\" class=\"wp-caption alignnone\"><a class=\"Fachadas de Casas Neocl\u00e1ssicas inspira\u00e7\u00e3o Europ\u00e9ia\" href=\"http:\/\/arquitetocaio.com.br\/arquitetos-em-valinhos-especializados-em-desenvolvimentos-de-projetos-residenciais\/projeto-sobrado-classico-arquitetura-francesa-estilo-europeu-alto-padrao-luxo-17x37-campinas-pedra-alta-12\/\" target=\"_blank\" rel=\"Fachadas de Casas Neocl\u00e1ssicas inspira\u00e7\u00e3o Europ\u00e9ia noopener noreferrer\"><img loading=\"lazy\" decoding=\"async\" aria-describedby=\"caption-attachment-3243\" class=\"Fachadas de Casas Neocl\u00e1ssicas inspira\u00e7\u00e3o Europ\u00e9ia wp-image-3243 size-medium\" title=\"Fachadas de Casas Neocl\u00e1ssicas inspira\u00e7\u00e3o Europ\u00e9ia\" src=\"http:\/\/arquitetocaio.com\/wpcp\/wp-content\/uploads\/2017\/05\/projeto-sobrado-classico-arquitetura-francesa-estilo-europeu-alto-padrao-luxo-17x37-campinas-pedra-alta-12-684x385.png\" alt=\"projeto sobrado cl\u00e1ssico arquitetura francesa estilo europeu alto padr\u00e3o luxo 17x37 campinas pedra alta\" width=\"684\" height=\"385\" \/><\/a><p id=\"caption-attachment-3243\" class=\"wp-caption-text\">projeto sobrado cl\u00e1ssico arquitetura francesa estilo europeu alto padr\u00e3o luxo 17&#215;37 campinas pedra alta<\/p><\/div>\n<div id=\"attachment_3240\" style=\"width: 694px\" class=\"wp-caption alignnone\"><a class=\"Fachadas de Casas Neocl\u00e1ssicas inspira\u00e7\u00e3o Europ\u00e9ia\" href=\"http:\/\/arquitetocaio.com.br\/?attachment_id=3240\" target=\"_blank\" rel=\"Fachadas de Casas Neocl\u00e1ssicas inspira\u00e7\u00e3o Europ\u00e9ia noopener noreferrer\"><img loading=\"lazy\" decoding=\"async\" aria-describedby=\"caption-attachment-3240\" class=\"Fachadas de Casas Neocl\u00e1ssicas inspira\u00e7\u00e3o Europ\u00e9ia wp-image-3240 size-medium\" title=\"Fachadas de Casas Neocl\u00e1ssicas inspira\u00e7\u00e3o Europ\u00e9ia\" src=\"http:\/\/arquitetocaio.com\/wpcp\/wp-content\/uploads\/2017\/05\/projeto-sobrado-classico-arquitetura-francesa-estilo-europeu-alto-padrao-luxo-17x37-campinas-pedra-alta-7-684x385.png\" alt=\"projeto sobrado cl\u00e1ssico arquitetura francesa estilo europeu alto padr\u00e3o luxo 17x37 campinas pedra alta\" width=\"684\" height=\"385\" \/><\/a><p id=\"caption-attachment-3240\" class=\"wp-caption-text\">projeto sobrado cl\u00e1ssico arquitetura francesa estilo europeu alto padr\u00e3o luxo 17&#215;37 campinas pedra alta<\/p><\/div>\n<p><a href=\"http:\/\/arquitetocaio.com.br\/contato-arquitetos-campinas\/\">Solicite agora or\u00e7amento para Projeto de Fachadas de Casas Neocl\u00e1ssicas inspira\u00e7\u00e3o Europ\u00e9ia<\/a><\/p>\n<p>Arquitetos em Valinhos especializados em desenvolvimentos de Projetos Residenciais<\/p>\n<p>Envie um email para contato@arquitetocaio.com ou pelo whatsapp 19 981337909<\/p>\n<p>Confira tambem nossos projetos de <a href=\"http:\/\/arquitetocaio.com.br\/projetos-arquitetura-interiores-design-interior-campinas-limeira-decoradora\/\">design de interiores.<\/a><\/p>\n<p>projetos de casas classicas,<\/p>\n<div id=\"attachment_3199\" style=\"width: 694px\" class=\"wp-caption alignnone\"><a class=\"Projeto de Fachadas de Casas Neocl\u00e1ssicas inspira\u00e7\u00e3o Europ\u00e9ia\" href=\"http:\/\/arquitetocaio.com.br\/projetos-de-casas-luxuosas-campinas-condominio-fechado\/projeto-casa-estilo-neoclassica-mansao-luxuosa-campinas-swiss-park-3\/\" target=\"_blank\" rel=\"Projeto de Fachadas de Casas Neocl\u00e1ssicas inspira\u00e7\u00e3o Europ\u00e9ia noopener noreferrer\"><img loading=\"lazy\" decoding=\"async\" aria-describedby=\"caption-attachment-3199\" class=\"Projeto de Fachadas de Casas Neocl\u00e1ssicas inspira\u00e7\u00e3o Europ\u00e9ia wp-image-3199 size-medium\" title=\"Projeto de Fachadas de Casas Neocl\u00e1ssicas inspira\u00e7\u00e3o Europ\u00e9ia\" src=\"http:\/\/arquitetocaio.com\/wpcp\/wp-content\/uploads\/2017\/04\/projeto-casa-estilo-neoclassica-mansao-luxuosa-campinas-swiss-park-3-684x513.png\" alt=\"projeto casa estilo neocl\u00e1ssica mans\u00e3o luxuosa campinas swiss park\" width=\"684\" height=\"513\" \/><\/a><p id=\"caption-attachment-3199\" class=\"wp-caption-text\">projeto casa estilo neocl\u00e1ssica mans\u00e3o luxuosa campinas swiss park<\/p><\/div>\n<div id=\"attachment_3115\" style=\"width: 694px\" class=\"wp-caption alignnone\"><img loading=\"lazy\" decoding=\"async\" aria-describedby=\"caption-attachment-3115\" class=\"size-medium wp-image-3115\" src=\"http:\/\/arquitetocaio.com\/wpcp\/wp-content\/uploads\/2017\/04\/projeto-reforma-casa-terrea-arquitetura-fachada-neoclassica-decora\u00e7ao-estilo-americana-florida-2-684x327.png\" alt=\"projeto reforma casa terrea arquitetura fachada neoclassica decora\u00e7ao estilo americana florida banheiro\" width=\"684\" height=\"327\" srcset=\"http:\/\/arquitetocaio.com\/wpcp\/wp-content\/uploads\/2017\/04\/projeto-reforma-casa-terrea-arquitetura-fachada-neoclassica-decora\u00e7ao-estilo-americana-florida-2-684x327.png 684w, http:\/\/arquitetocaio.com\/wpcp\/wp-content\/uploads\/2017\/04\/projeto-reforma-casa-terrea-arquitetura-fachada-neoclassica-decora\u00e7ao-estilo-americana-florida-2-768x367.png 768w, http:\/\/arquitetocaio.com\/wpcp\/wp-content\/uploads\/2017\/04\/projeto-reforma-casa-terrea-arquitetura-fachada-neoclassica-decora\u00e7ao-estilo-americana-florida-2-1366x653.png 1366w, http:\/\/arquitetocaio.com\/wpcp\/wp-content\/uploads\/2017\/04\/projeto-reforma-casa-terrea-arquitetura-fachada-neoclassica-decora\u00e7ao-estilo-americana-florida-2-370x176.png 370w, http:\/\/arquitetocaio.com\/wpcp\/wp-content\/uploads\/2017\/04\/projeto-reforma-casa-terrea-arquitetura-fachada-neoclassica-decora\u00e7ao-estilo-americana-florida-2-160x76.png 160w, http:\/\/arquitetocaio.com\/wpcp\/wp-content\/uploads\/2017\/04\/projeto-reforma-casa-terrea-arquitetura-fachada-neoclassica-decora\u00e7ao-estilo-americana-florida-2.png 1436w\" sizes=\"(max-width: 684px) 100vw, 684px\" \/><p id=\"caption-attachment-3115\" class=\"wp-caption-text\">projeto reforma casa terrea arquitetura fachada neoclassica decora\u00e7ao estilo americana florida banheiro<\/p><\/div>\n<div id=\"attachment_3036\" style=\"width: 694px\" class=\"wp-caption alignnone\"><img loading=\"lazy\" decoding=\"async\" aria-describedby=\"caption-attachment-3036\" class=\"size-medium wp-image-3036\" src=\"http:\/\/arquitetocaio.com\/wpcp\/wp-content\/uploads\/2017\/03\/projeto-casa-sobrado-estilo-neocl\u00e1ssico-terreno-desnivel-condom\u00ednio-alto-padrao-piracicaba-terras-artemis-14-684x490.png\" alt=\"projeto casa sobrado estilo neocl\u00e1ssico terreno desn\u00edvel condom\u00ednio alto padr\u00e3o piracicaba terras artemis\" width=\"684\" height=\"490\" \/><p id=\"caption-attachment-3036\" class=\"wp-caption-text\">projeto casa sobrado estilo neocl\u00e1ssico terreno desn\u00edvel condom\u00ednio alto padr\u00e3o piracicaba terras artemis<\/p><\/div>\n<div id=\"attachment_3025\" style=\"width: 694px\" class=\"wp-caption alignnone\"><img loading=\"lazy\" decoding=\"async\" aria-describedby=\"caption-attachment-3025\" class=\"size-medium wp-image-3025\" src=\"http:\/\/arquitetocaio.com\/wpcp\/wp-content\/uploads\/2017\/03\/projeto-casa-sobrado-estilo-neocl\u00e1ssico-terreno-desnivel-condom\u00ednio-alto-padrao-piracicaba-terras-artemis-3-684x513.png\" alt=\"projeto casa sobrado estilo neocl\u00e1ssico terreno desn\u00edvel condom\u00ednio alto padr\u00e3o piracicaba terras artemis\" width=\"684\" height=\"513\" \/><p id=\"caption-attachment-3025\" class=\"wp-caption-text\">projeto casa sobrado estilo neocl\u00e1ssico terreno desn\u00edvel condom\u00ednio alto padr\u00e3o piracicaba terras artemis<\/p><\/div>\n<h2>Fachadas de Casas Sobrado Estilo Neocl\u00e1ssicas inspira\u00e7\u00e3o Europ\u00e9ia<\/h2>\n<div id=\"attachment_2996\" style=\"width: 694px\" class=\"wp-caption alignnone\"><img loading=\"lazy\" decoding=\"async\" aria-describedby=\"caption-attachment-2996\" class=\"size-medium wp-image-2996\" src=\"http:\/\/arquitetocaio.com\/wpcp\/wp-content\/uploads\/2017\/03\/projeto-casa-neoclassica-estilo-americano-garagem-subsolo-terreno-declive-2-684x513.png\" alt=\"projeto casa neoclassica estilo americano telhado aparente terreno declive\" width=\"684\" height=\"513\" \/><p id=\"caption-attachment-2996\" class=\"wp-caption-text\">projeto casa neoclassica estilo americano telhado aparente terreno declive<\/p><\/div>\n<div id=\"attachment_2991\" style=\"width: 694px\" class=\"wp-caption alignnone\"><img loading=\"lazy\" decoding=\"async\" aria-describedby=\"caption-attachment-2991\" class=\"size-medium wp-image-2991\" src=\"http:\/\/arquitetocaio.com\/wpcp\/wp-content\/uploads\/2017\/03\/projeto-casa-neoclassica-estilo-americano-telhado-aparente-terreno-declive-684x462.jpg\" alt=\"projeto casa neoclassica estilo americano telhado aparente terreno declive\" width=\"684\" height=\"462\" srcset=\"http:\/\/arquitetocaio.com\/wpcp\/wp-content\/uploads\/2017\/03\/projeto-casa-neoclassica-estilo-americano-telhado-aparente-terreno-declive-684x462.jpg 684w, http:\/\/arquitetocaio.com\/wpcp\/wp-content\/uploads\/2017\/03\/projeto-casa-neoclassica-estilo-americano-telhado-aparente-terreno-declive-768x519.jpg 768w, http:\/\/arquitetocaio.com\/wpcp\/wp-content\/uploads\/2017\/03\/projeto-casa-neoclassica-estilo-americano-telhado-aparente-terreno-declive-1366x923.jpg 1366w, http:\/\/arquitetocaio.com\/wpcp\/wp-content\/uploads\/2017\/03\/projeto-casa-neoclassica-estilo-americano-telhado-aparente-terreno-declive-370x250.jpg 370w, http:\/\/arquitetocaio.com\/wpcp\/wp-content\/uploads\/2017\/03\/projeto-casa-neoclassica-estilo-americano-telhado-aparente-terreno-declive-160x108.jpg 160w, http:\/\/arquitetocaio.com\/wpcp\/wp-content\/uploads\/2017\/03\/projeto-casa-neoclassica-estilo-americano-telhado-aparente-terreno-declive-814x550.jpg 814w, http:\/\/arquitetocaio.com\/wpcp\/wp-content\/uploads\/2017\/03\/projeto-casa-neoclassica-estilo-americano-telhado-aparente-terreno-declive.jpg 2000w\" sizes=\"(max-width: 684px) 100vw, 684px\" \/><p id=\"caption-attachment-2991\" class=\"wp-caption-text\">projeto casa neoclassica estilo americano telhado aparente terreno declive<\/p><\/div>\n<div id=\"attachment_2883\" style=\"width: 694px\" class=\"wp-caption alignnone\"><img loading=\"lazy\" decoding=\"async\" aria-describedby=\"caption-attachment-2883\" class=\"size-medium wp-image-2883\" src=\"http:\/\/arquitetocaio.com\/wpcp\/wp-content\/uploads\/2017\/03\/projeto-constru\u00e7\u00e3o-casa-sobrado-alto-padr\u00e3o-arquitetura-neocl\u00e1ssica-luxuosa-3-684x513.png\" alt=\"projeto constru\u00e7\u00e3o casa sobrado alto padr\u00e3o arquitetura neocl\u00e1ssica luxuosa swiss park campinas\" width=\"684\" height=\"513\" \/><p id=\"caption-attachment-2883\" class=\"wp-caption-text\">projeto constru\u00e7\u00e3o casa sobrado alto padr\u00e3o arquitetura neocl\u00e1ssica luxuosa swiss park campinas<\/p><\/div>\n<div id=\"attachment_2767\" style=\"width: 694px\" class=\"wp-caption alignnone\"><img loading=\"lazy\" decoding=\"async\" aria-describedby=\"caption-attachment-2767\" class=\"size-medium wp-image-2767\" src=\"http:\/\/arquitetocaio.com\/wpcp\/wp-content\/uploads\/2017\/02\/projeto-casa-sobrado-neoclassico-terreno-esquina-fachada-classica-3-suites-telhado-plano-684x399.jpg\" alt=\"projeto casa sobrado neoclassico terreno esquina fachada classica 3 suites telhado plano\" width=\"684\" height=\"399\" \/><p id=\"caption-attachment-2767\" class=\"wp-caption-text\">projeto casa sobrado neoclassico terreno esquina fachada classica 3 suites telhado plano<\/p><\/div>\n<p><a href=\"http:\/\/arquitetocaio.com.br\/contato-arquitetos-campinas\/\">Solicite agora or\u00e7amento para Projeto de Fachadas de Casas Neocl\u00e1ssicas inspira\u00e7\u00e3o Europ\u00e9ia<\/a><\/p>\n<p>Arquitetos em Valinhos especializados em desenvolvimentos de Projetos Residenciais<\/p>\n<p>Envie um email para contato@arquitetocaio.com ou pelo whatsapp 19 981337909<\/p>\n<p>Confira tambem nossos projetos de <a href=\"http:\/\/arquitetocaio.com.br\/projetos-arquitetura-interiores-design-interior-campinas-limeira-decoradora\/\">design de interiores.<\/a><\/p>\n<div id=\"attachment_2534\" style=\"width: 694px\" class=\"wp-caption alignnone\"><img loading=\"lazy\" decoding=\"async\" aria-describedby=\"caption-attachment-2534\" class=\"size-medium wp-image-2534\" src=\"http:\/\/arquitetocaio.com\/wpcp\/wp-content\/uploads\/2016\/12\/projeto-casa-sobrado-arquitetura-neoclassica-telhado-embutido-terreno-12x30-12-684x586.png\" alt=\"projeto casa sobrado arquitetura neocl\u00e1ssica telhado embutido terreno 12x30 com claraboia no teto da sala\" width=\"684\" height=\"586\" \/><p id=\"caption-attachment-2534\" class=\"wp-caption-text\">projeto casa sobrado arquitetura neocl\u00e1ssica telhado embutido terreno 12&#215;30 com claraboia no teto da sala<\/p><\/div>\n<div id=\"attachment_2529\" style=\"width: 694px\" class=\"wp-caption alignnone\"><img loading=\"lazy\" decoding=\"async\" aria-describedby=\"caption-attachment-2529\" class=\"size-medium wp-image-2529\" src=\"http:\/\/arquitetocaio.com\/wpcp\/wp-content\/uploads\/2016\/12\/projeto-casa-sobrado-arquitetura-neoclassica-telhado-embutido-terreno-12x30-7-684x481.png\" alt=\"projeto casa sobrado arquitetura neocl\u00e1ssica telhado embutido terreno 12x30 com claraboia no teto da sala\" width=\"684\" height=\"481\" \/><p id=\"caption-attachment-2529\" class=\"wp-caption-text\">projeto casa sobrado arquitetura neocl\u00e1ssica telhado embutido terreno 12&#215;30 com claraboia no teto da sala<\/p><\/div>\n<div id=\"attachment_2523\" style=\"width: 694px\" class=\"wp-caption alignnone\"><img loading=\"lazy\" decoding=\"async\" aria-describedby=\"caption-attachment-2523\" class=\"size-medium wp-image-2523\" src=\"http:\/\/arquitetocaio.com\/wpcp\/wp-content\/uploads\/2016\/12\/projeto-casa-sobrado-arquitetura-neoclassica-telhado-embutido-terreno-12x30-1-684x513.png\" alt=\"projeto casa sobrado arquitetura neocl\u00e1ssica telhado embutido terreno 12x30\" width=\"684\" height=\"513\" \/><p id=\"caption-attachment-2523\" class=\"wp-caption-text\">projeto casa sobrado arquitetura neocl\u00e1ssica telhado embutido terreno 12&#215;30<\/p><\/div>\n<div id=\"attachment_2520\" style=\"width: 694px\" class=\"wp-caption alignnone\"><img loading=\"lazy\" decoding=\"async\" aria-describedby=\"caption-attachment-2520\" class=\"size-medium wp-image-2520\" src=\"http:\/\/arquitetocaio.com\/wpcp\/wp-content\/uploads\/2016\/12\/planta-casa-alto-padrao-com-claraboia-domus-sala-neoclassica-684x513.png\" alt=\"planta casa alto padrao com claraboia domus sala neoclassica\" width=\"684\" height=\"513\" \/><p id=\"caption-attachment-2520\" class=\"wp-caption-text\">planta casa alto padrao com claraboia domus sala neoclassica<\/p><\/div>\n<div id=\"attachment_2220\" style=\"width: 694px\" class=\"wp-caption alignnone\"><img loading=\"lazy\" decoding=\"async\" aria-describedby=\"caption-attachment-2220\" class=\"size-medium wp-image-2220\" src=\"http:\/\/arquitetocaio.com\/wpcp\/wp-content\/uploads\/2016\/11\/fotos-casa-classica-terrea-mezanino-terreno-condominio-12x30-margarida-holstein-limeira-75-684x457.jpg\" alt=\"fotos casa cl\u00e1ssica t\u00e9rrea mezanino terreno condom\u00ednio 12x30 margarida holstein limeira\" width=\"684\" height=\"457\" \/><p id=\"caption-attachment-2220\" class=\"wp-caption-text\">fotos casa cl\u00e1ssica t\u00e9rrea mezanino terreno condom\u00ednio 12&#215;30 margarida holstein limeira<\/p><\/div>\n<div id=\"attachment_2184\" style=\"width: 694px\" class=\"wp-caption alignnone\"><img loading=\"lazy\" decoding=\"async\" aria-describedby=\"caption-attachment-2184\" class=\"size-medium wp-image-2184\" src=\"http:\/\/arquitetocaio.com\/wpcp\/wp-content\/uploads\/2016\/11\/projeto-casa-classica-terreno-esquina-condominio-fachada-neoclassica-2-684x385.jpg\" alt=\"projeto casa cl\u00e1ssica terreno esquina condom\u00ednio fachada neocl\u00e1ssica Limeira\" width=\"684\" height=\"385\" \/><p id=\"caption-attachment-2184\" class=\"wp-caption-text\">projeto casa cl\u00e1ssica terreno esquina condom\u00ednio fachada neocl\u00e1ssica Limeira<\/p><\/div>\n<div id=\"attachment_2188\" style=\"width: 694px\" class=\"wp-caption alignnone\"><img loading=\"lazy\" decoding=\"async\" aria-describedby=\"caption-attachment-2188\" class=\"size-medium wp-image-2188\" src=\"http:\/\/arquitetocaio.com\/wpcp\/wp-content\/uploads\/2016\/11\/projeto-casa-classica-terreno-esquina-condominio-fachada-neoclassica-6-684x320.jpg\" alt=\"projeto casa cl\u00e1ssica terreno esquina condom\u00ednio fachada neocl\u00e1ssica Limeira\" width=\"684\" height=\"320\" \/><p id=\"caption-attachment-2188\" class=\"wp-caption-text\">projeto casa cl\u00e1ssica terreno esquina condom\u00ednio fachada neocl\u00e1ssica Limeira<\/p><\/div>\n<div id=\"attachment_2137\" style=\"width: 694px\" class=\"wp-caption alignnone\"><img loading=\"lazy\" decoding=\"async\" aria-describedby=\"caption-attachment-2137\" class=\"size-medium wp-image-2137\" src=\"http:\/\/arquitetocaio.com\/wpcp\/wp-content\/uploads\/2016\/10\/projeto-sobrado-classico-arquitetura-classica-terreno-11x25-telhado-shingle-3-suites-molduras-arquiteto-limeira-condominio-roland-5-684x511.jpg\" alt=\"projeto sobrado cl\u00e1ssico arquitetura cl\u00e1ssica terreno 11x25 telhado shingle 3 su\u00edtes molduras arquiteto limeira condom\u00ednio roland\" width=\"684\" height=\"511\" \/><p id=\"caption-attachment-2137\" class=\"wp-caption-text\">projeto sobrado cl\u00e1ssico arquitetura cl\u00e1ssica terreno 11&#215;25 telhado shingle 3 su\u00edtes molduras arquiteto limeira condom\u00ednio roland<\/p><\/div>\n<p><img loading=\"lazy\" decoding=\"async\" class=\"alignnone size-medium wp-image-2056\" src=\"http:\/\/arquitetocaio.com\/wpcp\/wp-content\/uploads\/2016\/10\/projeto-casa-terrea-mezanino-pedireito-alto-duplo-sala-grande-terreno-12x30-condominio-margarida-limeira-arquiteto-arquitetura-classica-10-684x513.jpg\" alt=\"\" width=\"684\" height=\"513\" srcset=\"http:\/\/arquitetocaio.com\/wpcp\/wp-content\/uploads\/2016\/10\/projeto-casa-terrea-mezanino-pedireito-alto-duplo-sala-grande-terreno-12x30-condominio-margarida-limeira-arquiteto-arquitetura-classica-10-684x513.jpg 684w, http:\/\/arquitetocaio.com\/wpcp\/wp-content\/uploads\/2016\/10\/projeto-casa-terrea-mezanino-pedireito-alto-duplo-sala-grande-terreno-12x30-condominio-margarida-limeira-arquiteto-arquitetura-classica-10-768x576.jpg 768w, http:\/\/arquitetocaio.com\/wpcp\/wp-content\/uploads\/2016\/10\/projeto-casa-terrea-mezanino-pedireito-alto-duplo-sala-grande-terreno-12x30-condominio-margarida-limeira-arquiteto-arquitetura-classica-10-1366x1025.jpg 1366w, http:\/\/arquitetocaio.com\/wpcp\/wp-content\/uploads\/2016\/10\/projeto-casa-terrea-mezanino-pedireito-alto-duplo-sala-grande-terreno-12x30-condominio-margarida-limeira-arquiteto-arquitetura-classica-10-370x277.jpg 370w, http:\/\/arquitetocaio.com\/wpcp\/wp-content\/uploads\/2016\/10\/projeto-casa-terrea-mezanino-pedireito-alto-duplo-sala-grande-terreno-12x30-condominio-margarida-limeira-arquiteto-arquitetura-classica-10-160x120.jpg 160w, http:\/\/arquitetocaio.com\/wpcp\/wp-content\/uploads\/2016\/10\/projeto-casa-terrea-mezanino-pedireito-alto-duplo-sala-grande-terreno-12x30-condominio-margarida-limeira-arquiteto-arquitetura-classica-10.jpg 1600w\" sizes=\"(max-width: 684px) 100vw, 684px\" \/><\/p>\n<div id=\"attachment_1710\" style=\"width: 694px\" class=\"wp-caption alignnone\"><img loading=\"lazy\" decoding=\"async\" aria-describedby=\"caption-attachment-1710\" class=\"size-medium wp-image-1710\" src=\"http:\/\/arquitetocaio.com\/wpcp\/wp-content\/uploads\/2016\/10\/casa-sobrado-arquitetura-classica-neoclassica-telhadoa-aparente-terreno-12x25-240-metros-construcao-2-684x513.jpg\" alt=\"casa sobrado arquitetura cl\u00e1ssica neocl\u00e1ssica telhado aparente terreno 12x25 240 metros constru\u00e7\u00e3o\" width=\"684\" height=\"513\" \/><p id=\"caption-attachment-1710\" class=\"wp-caption-text\">casa sobrado arquitetura cl\u00e1ssica neocl\u00e1ssica telhado aparente terreno 12&#215;25 240 metros constru\u00e7\u00e3o<\/p><\/div>\n<div id=\"attachment_1288\" style=\"width: 694px\" class=\"wp-caption alignnone\"><img loading=\"lazy\" decoding=\"async\" aria-describedby=\"caption-attachment-1288\" class=\"size-medium wp-image-1288\" src=\"http:\/\/arquitetocaio.com\/wpcp\/wp-content\/uploads\/2016\/09\/projeto-casa-600m2-esquina-arquitetura-classica-estilo-americano-estilo-europeu-estilo-frances-mansard-arquiteto-limeira-condominio-casal-buono-684x292.jpg\" alt=\"projeto casa 600m2 esquina arquitetura cl\u00e1ssica estilo americano estilo europeu estilo franc\u00eas mansard arquiteto limeira condom\u00ednio casal buono mans\u00e3o alto padr\u00e3o sobrado gazebo\" width=\"684\" height=\"292\" \/><p id=\"caption-attachment-1288\" class=\"wp-caption-text\">projeto casa 600m2 esquina arquitetura cl\u00e1ssica estilo americano estilo europeu estilo franc\u00eas mansard arquiteto limeira condom\u00ednio casal buono mans\u00e3o alto padr\u00e3o sobrado gazebo<\/p><\/div>\n<div id=\"attachment_1627\" style=\"width: 694px\" class=\"wp-caption alignnone\"><img loading=\"lazy\" decoding=\"async\" aria-describedby=\"caption-attachment-1627\" class=\"size-medium wp-image-1627\" src=\"http:\/\/arquitetocaio.com\/wpcp\/wp-content\/uploads\/2016\/09\/projeto-loja-arquitetura-comercial-constru\u00e7ao-sobrado-galpao-arquiteto-americana-fachada-neoclassica-frente-classica-6-684x454.png\" alt=\"projeto loja arquitetura comercial constru\u00e7\u00e3o sobrado galp\u00e3o arquiteto americana fachada neocl\u00e1ssica frente cl\u00e1ssica\" width=\"684\" height=\"454\" \/><p id=\"caption-attachment-1627\" class=\"wp-caption-text\">projeto loja arquitetura comercial constru\u00e7\u00e3o sobrado galp\u00e3o arquiteto americana fachada neocl\u00e1ssica frente cl\u00e1ssica<\/p><\/div>\n<div id=\"attachment_1245\" style=\"width: 694px\" class=\"wp-caption alignnone\"><img loading=\"lazy\" decoding=\"async\" aria-describedby=\"caption-attachment-1245\" class=\"size-medium wp-image-1245\" src=\"http:\/\/arquitetocaio.com\/wpcp\/wp-content\/uploads\/2016\/09\/projetos-casa-terrea-alto-padrao-300m2-condominio-fechado-ilha-di-bali-arquiteto-limeira-arquitura-classica-telhado-aparente-9-684x513.jpg\" alt=\"projetos casa t\u00e9rrea alto padr\u00e3o 300m2 condom\u00ednio fechado ilha di bali arquiteto limeira arquitetura cl\u00e1ssica telhado aparente\" width=\"684\" height=\"513\" srcset=\"http:\/\/arquitetocaio.com\/wpcp\/wp-content\/uploads\/2016\/09\/projetos-casa-terrea-alto-padrao-300m2-condominio-fechado-ilha-di-bali-arquiteto-limeira-arquitura-classica-telhado-aparente-9-684x513.jpg 684w, http:\/\/arquitetocaio.com\/wpcp\/wp-content\/uploads\/2016\/09\/projetos-casa-terrea-alto-padrao-300m2-condominio-fechado-ilha-di-bali-arquiteto-limeira-arquitura-classica-telhado-aparente-9-768x576.jpg 768w, http:\/\/arquitetocaio.com\/wpcp\/wp-content\/uploads\/2016\/09\/projetos-casa-terrea-alto-padrao-300m2-condominio-fechado-ilha-di-bali-arquiteto-limeira-arquitura-classica-telhado-aparente-9-370x277.jpg 370w, http:\/\/arquitetocaio.com\/wpcp\/wp-content\/uploads\/2016\/09\/projetos-casa-terrea-alto-padrao-300m2-condominio-fechado-ilha-di-bali-arquiteto-limeira-arquitura-classica-telhado-aparente-9-160x120.jpg 160w, http:\/\/arquitetocaio.com\/wpcp\/wp-content\/uploads\/2016\/09\/projetos-casa-terrea-alto-padrao-300m2-condominio-fechado-ilha-di-bali-arquiteto-limeira-arquitura-classica-telhado-aparente-9.jpg 1200w\" sizes=\"(max-width: 684px) 100vw, 684px\" \/><p id=\"caption-attachment-1245\" class=\"wp-caption-text\">projetos casa t\u00e9rrea alto padr\u00e3o 300m2 condom\u00ednio fechado ilha di bali arquiteto limeira arquitetura cl\u00e1ssica telhado aparente<\/p><\/div>\n<div id=\"attachment_1192\" style=\"width: 694px\" class=\"wp-caption alignnone\"><img loading=\"lazy\" decoding=\"async\" aria-describedby=\"caption-attachment-1192\" class=\"size-medium wp-image-1192\" src=\"http:\/\/arquitetocaio.com\/wpcp\/wp-content\/uploads\/2016\/09\/projeto-corporativo-arquitetura-classica-galeria-lojas-shopping-joias-limeira-avenida-costa-silva-reforma-arquiteto-engenheiro-19-684x451.png\" alt=\"projeto corporativo arquitetura cl\u00e1ssica galeria lojas shopping joias Mercado limeira avenida costa silva reforma arquiteto engenheiro\" width=\"684\" height=\"451\" \/><p id=\"caption-attachment-1192\" class=\"wp-caption-text\">projeto corporativo arquitetura cl\u00e1ssica galeria lojas shopping joias Mercado limeira avenida costa silva reforma arquiteto engenheiro<\/p><\/div>\n<div id=\"attachment_1104\" style=\"width: 694px\" class=\"wp-caption alignnone\"><img loading=\"lazy\" decoding=\"async\" aria-describedby=\"caption-attachment-1104\" class=\"size-medium wp-image-1104\" src=\"http:\/\/arquitetocaio.com\/wpcp\/wp-content\/uploads\/2016\/09\/projeto-planta-casa-terrea-160m2-terreno-plano-condominio-10x25-fachada-classica-telhado-shingle-arquiteto-valinhos-centervile-9-684x511.jpg\" alt=\"projeto planta casa t\u00e9rrea 160m2 terreno plano condom\u00ednio 10x25 fachada cl\u00e1ssica telhado shingle arquiteto valinhos centervile\" width=\"684\" height=\"511\" \/><p id=\"caption-attachment-1104\" class=\"wp-caption-text\">projeto planta casa t\u00e9rrea 160m2 terreno plano condom\u00ednio 10&#215;25 fachada cl\u00e1ssica telhado shingle arquiteto valinhos centervile<\/p><\/div>\n<div id=\"attachment_958\" style=\"width: 694px\" class=\"wp-caption alignnone\"><img loading=\"lazy\" decoding=\"async\" aria-describedby=\"caption-attachment-958\" class=\"size-medium wp-image-958\" src=\"http:\/\/arquitetocaio.com\/wpcp\/wp-content\/uploads\/2016\/09\/projeto-casa-sobrado-arquitetura-classica-fachada-neoclassica-portico-terreno-plano-15x25-construcao-350m2-arquiteto-iracem\u00e1polis-1-684x385.jpg\" alt=\"projeto casa sobrado arquitetura cl\u00e1ssica fachada neocl\u00e1ssica p\u00f3rtico terreno plano 15x25 constru\u00e7\u00e3o 350m2 arquiteto Iracem\u00e1polis sp\" width=\"684\" height=\"385\" \/><p id=\"caption-attachment-958\" class=\"wp-caption-text\">projeto casa sobrado arquitetura cl\u00e1ssica fachada neocl\u00e1ssica p\u00f3rtico terreno plano 15&#215;25 constru\u00e7\u00e3o 350m2 arquiteto Iracem\u00e1polis sp<\/p><\/div>\n","protected":false},"excerpt":{"rendered":"<p>Fachadas de Casas Neocl\u00e1ssicas inspira\u00e7\u00e3o Europ\u00e9ia Confira Fachadas de Casas Neocl\u00e1ssicas inspira\u00e7\u00e3o Europ\u00e9ia Solicite agora or\u00e7amento para Projeto de Fachadas de Casas Neocl\u00e1ssicas inspira\u00e7\u00e3o Europ\u00e9ia Arquitetos em Valinhos especializados em desenvolvimentos de Projetos Residenciais Envie um email para contato@arquitetocaio.com ou pelo whatsapp 19 981337909 Confira tambem nossos projetos de design de interiores. projetos de casas classicas, Fachadas de Casas Sobrado&#8230;<\/p>\n","protected":false},"author":2,"featured_media":3240,"comment_status":"open","ping_status":"open","sticky":false,"template":"","format":"standard","meta":{"footnotes":""},"categories":[145,38,39,128,515,681,174,197,104,173,55,101,63,355,122,118,40,159,37,803,205,160,161],"tags":[824,832,833,577,520,899,900,1467,123,1236,1476,1195,1541,1540,1542,1482,1282,1341],"_links":{"self":[{"href":"http:\/\/arquitetocaio.com\/wpcp\/wp-json\/wp\/v2\/posts\/3268"}],"collection":[{"href":"http:\/\/arquitetocaio.com\/wpcp\/wp-json\/wp\/v2\/posts"}],"about":[{"href":"http:\/\/arquitetocaio.com\/wpcp\/wp-json\/wp\/v2\/types\/post"}],"author":[{"embeddable":true,"href":"http:\/\/arquitetocaio.com\/wpcp\/wp-json\/wp\/v2\/users\/2"}],"replies":[{"embeddable":true,"href":"http:\/\/arquitetocaio.com\/wpcp\/wp-json\/wp\/v2\/comments?post=3268"}],"version-history":[{"count":1,"href":"http:\/\/arquitetocaio.com\/wpcp\/wp-json\/wp\/v2\/posts\/3268\/revisions"}],"predecessor-version":[{"id":3269,"href":"http:\/\/arquitetocaio.com\/wpcp\/wp-json\/wp\/v2\/posts\/3268\/revisions\/3269"}],"wp:featuredmedia":[{"embeddable":true,"href":"http:\/\/arquitetocaio.com\/wpcp\/wp-json\/wp\/v2\/media\/3240"}],"wp:attachment":[{"href":"http:\/\/arquitetocaio.com\/wpcp\/wp-json\/wp\/v2\/media?parent=3268"}],"wp:term":[{"taxonomy":"category","embeddable":true,"href":"http:\/\/arquitetocaio.com\/wpcp\/wp-json\/wp\/v2\/categories?post=3268"},{"taxonomy":"post_tag","embeddable":true,"href":"http:\/\/arquitetocaio.com\/wpcp\/wp-json\/wp\/v2\/tags?post=3268"}],"curies":[{"name":"wp","href":"https:\/\/api.w.org\/{rel}","templated":true}]}}