{"id":2911,"date":"2017-03-02T21:09:39","date_gmt":"2017-03-03T00:09:39","guid":{"rendered":"http:\/\/arquitetocaio.com.br\/?p=2911"},"modified":"2017-03-02T21:09:39","modified_gmt":"2017-03-03T00:09:39","slug":"escritorios-de-arquitetura-em-campinas","status":"publish","type":"post","link":"http:\/\/arquitetocaio.com\/wpcp\/escritorios-de-arquitetura-em-campinas\/","title":{"rendered":"Escrit\u00f3rios de Arquitetura em Campinas"},"content":{"rendered":"<h1>Projetos de Arquitetura em Campinas<\/h1>\n<h2>Escrit\u00f3rios de Arquitetura em Campinas<\/h2>\n<p>Confira aqui o Portf\u00f3lio de Projetos do <strong>Escrit\u00f3rios de Arquitetura em Campinas<\/strong> do Arquiteto Caio Pelisson<\/p>\n<p><strong>Escrit\u00f3rios de Arquitetura em Campinas &#8211;<\/strong>\u00a0\u00a0Arquitetura e Design\u00a0oferece diversos servi\u00e7os de <em>arquitetura<\/em>, regulariza\u00e7\u00e3o, complementares e design de interiores. Venha tomar um caf\u00e9 e conhecer o nosso Portf\u00f3lio de Projetos &#8230;<\/p>\n<div id=\"attachment_2869\" style=\"width: 694px\" class=\"wp-caption alignnone\"><a href=\"http:\/\/arquitetocaio.com.br\/contato-arquitetos-limeira\/\"><img loading=\"lazy\" decoding=\"async\" aria-describedby=\"caption-attachment-2869\" class=\"Escrit\u00f3rios de Arquitetura em Campinas  wp-image-2869 size-medium\" title=\"Escrit\u00f3rios de Arquitetura em Campinas \" src=\"http:\/\/arquitetocaio.com\/wpcp\/wp-content\/uploads\/2017\/02\/projeto-planta-casa-sobrado-moderna-terreno-10x25-5-684x571.png\" alt=\"projeto planta casa sobrado moderna terreno 10x25\" width=\"684\" height=\"571\" \/><\/a><p id=\"caption-attachment-2869\" class=\"wp-caption-text\">projeto planta casa sobrado moderna terreno 10&#215;25<\/p><\/div>\n<div id=\"attachment_2813\" style=\"width: 694px\" class=\"wp-caption alignnone\"><a class=\"Escrit\u00f3rios de Arquitetura em Campinas\" href=\"http:\/\/arquitetocaio.com.br\/contato-arquitetos-limeira\/\" target=\"_blank\" rel=\"Escrit\u00f3rios de Arquitetura em Campinas\"><img loading=\"lazy\" decoding=\"async\" aria-describedby=\"caption-attachment-2813\" class=\"Escrit\u00f3rios de Arquitetura em Campinas wp-image-2813 size-medium\" title=\"Escrit\u00f3rios de Arquitetura em Campinas\" src=\"http:\/\/arquitetocaio.com\/wpcp\/wp-content\/uploads\/2017\/02\/sobrado-fachada-neoclassica-projeto-inspira\u00e7ao-europea-684x513.jpg\" alt=\"sobrado fachada neoclassica projeto inspira\u00e7ao europea\" width=\"684\" height=\"513\" srcset=\"http:\/\/arquitetocaio.com\/wpcp\/wp-content\/uploads\/2017\/02\/sobrado-fachada-neoclassica-projeto-inspira\u00e7ao-europea-684x513.jpg 684w, http:\/\/arquitetocaio.com\/wpcp\/wp-content\/uploads\/2017\/02\/sobrado-fachada-neoclassica-projeto-inspira\u00e7ao-europea-768x576.jpg 768w, http:\/\/arquitetocaio.com\/wpcp\/wp-content\/uploads\/2017\/02\/sobrado-fachada-neoclassica-projeto-inspira\u00e7ao-europea-1366x1025.jpg 1366w, http:\/\/arquitetocaio.com\/wpcp\/wp-content\/uploads\/2017\/02\/sobrado-fachada-neoclassica-projeto-inspira\u00e7ao-europea-370x277.jpg 370w, http:\/\/arquitetocaio.com\/wpcp\/wp-content\/uploads\/2017\/02\/sobrado-fachada-neoclassica-projeto-inspira\u00e7ao-europea-160x120.jpg 160w, http:\/\/arquitetocaio.com\/wpcp\/wp-content\/uploads\/2017\/02\/sobrado-fachada-neoclassica-projeto-inspira\u00e7ao-europea.jpg 1600w\" sizes=\"(max-width: 684px) 100vw, 684px\" \/><\/a><p id=\"caption-attachment-2813\" class=\"wp-caption-text\">sobrado fachada neoclassica projeto inspira\u00e7ao europea<\/p><\/div>\n<p>Com <strong>Escrit\u00f3rios de Arquitetura em Campinas\u00a0<\/strong>e Limeira, o escrit\u00f3rio de arquitetura\u00a0Caio Pelisson, desenvolve projetos nas \u00e1reas residencial e comercial. Somos especializados em Arquitetura Neocl\u00e1ssica.<\/p>\n<p>Entre em contato conosco e venha conhecer todas as vantagens de contratar um Arquiteto especializado em Arquitetura Residencial, com mais de 1000 Projetos prontos e entregues.<\/p>\n<p>Projetos de Casas de Alto Padr\u00e3o em Campinas.<\/p>\n<p>Solicite agora mesmo o seu or\u00e7amento online para todos os nossos servi\u00e7os.<\/p>\n<p>Nosso Escrit\u00f3rio est\u00e1 pronto para poder ajuda-lo a realizar o sonho de uma Casa em Campinas, com estilo pr\u00f3prio e toda comodidade da vida moderna.<\/p>\n<p>Entre em contato com Arquiteto Caio Pelisson atrav\u00e9s do Whatsapp 19 981337909<\/p>\n<p>ou envie um e-mail para contato@arquitetocaio.com<\/p>\n<p><a href=\"http:\/\/arquitetocaio.com.br\/arquiteto-caio-pelisson-escolhido-como-profissional-premium-pelo-site-homify\/\">Atendemos em todo Brasil com projetos certificados.<\/a><\/p>\n","protected":false},"excerpt":{"rendered":"<p>Projetos de Arquitetura em Campinas Escrit\u00f3rios de Arquitetura em Campinas Confira aqui o Portf\u00f3lio de Projetos do Escrit\u00f3rios de Arquitetura em Campinas do Arquiteto Caio Pelisson Escrit\u00f3rios de Arquitetura em Campinas &#8211;\u00a0\u00a0Arquitetura e Design\u00a0oferece diversos servi\u00e7os de arquitetura, regulariza\u00e7\u00e3o, complementares e design de interiores. Venha tomar um caf\u00e9 e conhecer o nosso Portf\u00f3lio de Projetos &#8230; Com Escrit\u00f3rios de Arquitetura&#8230;<\/p>\n","protected":false},"author":2,"featured_media":2868,"comment_status":"open","ping_status":"open","sticky":false,"template":"","format":"standard","meta":{"footnotes":""},"categories":[38,681,55,101,99],"tags":[1181,1314,1320,1259,725,1137,522,1131,419,1360,1021,1368,1013,1372,1376,1260,1367,1369,1366,1188,1370,1371,1375,1374,1373,534],"_links":{"self":[{"href":"http:\/\/arquitetocaio.com\/wpcp\/wp-json\/wp\/v2\/posts\/2911"}],"collection":[{"href":"http:\/\/arquitetocaio.com\/wpcp\/wp-json\/wp\/v2\/posts"}],"about":[{"href":"http:\/\/arquitetocaio.com\/wpcp\/wp-json\/wp\/v2\/types\/post"}],"author":[{"embeddable":true,"href":"http:\/\/arquitetocaio.com\/wpcp\/wp-json\/wp\/v2\/users\/2"}],"replies":[{"embeddable":true,"href":"http:\/\/arquitetocaio.com\/wpcp\/wp-json\/wp\/v2\/comments?post=2911"}],"version-history":[{"count":1,"href":"http:\/\/arquitetocaio.com\/wpcp\/wp-json\/wp\/v2\/posts\/2911\/revisions"}],"predecessor-version":[{"id":2912,"href":"http:\/\/arquitetocaio.com\/wpcp\/wp-json\/wp\/v2\/posts\/2911\/revisions\/2912"}],"wp:featuredmedia":[{"embeddable":true,"href":"http:\/\/arquitetocaio.com\/wpcp\/wp-json\/wp\/v2\/media\/2868"}],"wp:attachment":[{"href":"http:\/\/arquitetocaio.com\/wpcp\/wp-json\/wp\/v2\/media?parent=2911"}],"wp:term":[{"taxonomy":"category","embeddable":true,"href":"http:\/\/arquitetocaio.com\/wpcp\/wp-json\/wp\/v2\/categories?post=2911"},{"taxonomy":"post_tag","embeddable":true,"href":"http:\/\/arquitetocaio.com\/wpcp\/wp-json\/wp\/v2\/tags?post=2911"}],"curies":[{"name":"wp","href":"https:\/\/api.w.org\/{rel}","templated":true}]}}