{"id":2400,"date":"2016-12-01T21:33:54","date_gmt":"2016-12-02T00:33:54","guid":{"rendered":"http:\/\/arquitetocaio.com.br\/?p=2400"},"modified":"2016-12-01T21:33:54","modified_gmt":"2016-12-02T00:33:54","slug":"projeto-de-design-de-interiores-online","status":"publish","type":"post","link":"http:\/\/arquitetocaio.com\/wpcp\/projeto-de-design-de-interiores-online\/","title":{"rendered":"Projeto de Design de Interiores Online"},"content":{"rendered":"<p>Confira como ficou o resultado desse nosso\u00a0<strong>Projeto de Design de Interiores Online<\/strong><\/p>\n<div id=\"attachment_2389\" style=\"width: 694px\" class=\"wp-caption alignnone\"><img loading=\"lazy\" decoding=\"async\" aria-describedby=\"caption-attachment-2389\" class=\"size-medium wp-image-2389\" src=\"http:\/\/arquitetocaio.com\/wpcp\/wp-content\/uploads\/2016\/11\/projeto-suite-master-closet-decoracao-design-arquitetura-interiores-reforma-obra-condominio-limeira-2-684x565.png\" alt=\"projeto suite master closet decora\u00e7\u00e3o design arquitetura interiores reforma obra condom\u00ednio limeira\" width=\"684\" height=\"565\" \/><p id=\"caption-attachment-2389\" class=\"wp-caption-text\">projeto suite master closet decora\u00e7\u00e3o design arquitetura interiores reforma obra condom\u00ednio limeira<\/p><\/div>\n<div id=\"attachment_2388\" style=\"width: 694px\" class=\"wp-caption alignnone\"><img loading=\"lazy\" decoding=\"async\" aria-describedby=\"caption-attachment-2388\" class=\"size-medium wp-image-2388\" src=\"http:\/\/arquitetocaio.com\/wpcp\/wp-content\/uploads\/2016\/11\/projeto-suite-master-closet-decoracao-design-arquitetura-interiores-reforma-obra-condominio-limeira-1-684x547.png\" alt=\"projeto suite master closet decora\u00e7\u00e3o design arquitetura interiores reforma obra condom\u00ednio limeira\" width=\"684\" height=\"547\" \/><p id=\"caption-attachment-2388\" class=\"wp-caption-text\">projeto suite master closet decora\u00e7\u00e3o design arquitetura interiores reforma obra condom\u00ednio limeira<\/p><\/div>\n<div id=\"attachment_2387\" style=\"width: 694px\" class=\"wp-caption alignnone\"><img loading=\"lazy\" decoding=\"async\" aria-describedby=\"caption-attachment-2387\" class=\"size-medium wp-image-2387\" src=\"http:\/\/arquitetocaio.com\/wpcp\/wp-content\/uploads\/2016\/11\/projeto-reforma-sala-living-visitas-decoracao-moderna-casual-chic-bom-gosto-requinte-sofisticado-arquiteto-decorador-limeira-1-684x513.png\" alt=\"projeto reforma sala living visitas decora\u00e7\u00e3o moderna casual chic bom gosto requinte sofisticado arquiteto decorador limeira\" width=\"684\" height=\"513\" \/><p id=\"caption-attachment-2387\" class=\"wp-caption-text\">projeto reforma sala living visitas decora\u00e7\u00e3o moderna casual chic bom gosto requinte sofisticado arquiteto decorador limeira<\/p><\/div>\n<div id=\"attachment_2386\" style=\"width: 694px\" class=\"wp-caption alignnone\"><img loading=\"lazy\" decoding=\"async\" aria-describedby=\"caption-attachment-2386\" class=\"size-medium wp-image-2386\" src=\"http:\/\/arquitetocaio.com\/wpcp\/wp-content\/uploads\/2016\/11\/projeto-reforma-sala-living-visitas-decoracao-moderna-casual-chic-bom-gosto-requinte-sofisticado-arquiteto-decorador-limeira-2-684x545.png\" alt=\"projeto reforma sala living visitas decora\u00e7\u00e3o moderna casual chic bom gosto requinte sofisticado arquiteto decorador limeira\" width=\"684\" height=\"545\" \/><p id=\"caption-attachment-2386\" class=\"wp-caption-text\">projeto reforma sala living visitas decora\u00e7\u00e3o moderna casual chic bom gosto requinte sofisticado arquiteto decorador limeira<\/p><\/div>\n<div id=\"attachment_2385\" style=\"width: 694px\" class=\"wp-caption alignnone\"><img loading=\"lazy\" decoding=\"async\" aria-describedby=\"caption-attachment-2385\" class=\"size-medium wp-image-2385\" src=\"http:\/\/arquitetocaio.com\/wpcp\/wp-content\/uploads\/2016\/11\/projeto-decoracao-design-reforma-sala-jantar-moveis-claros-bom-gosto-alto-padrao-condominio-arquiteto-684x513.png\" alt=\"projeto decoracao design reforma sala jantar moveis claros bom gosto alto padrao condominio arquiteto\" width=\"684\" height=\"513\" \/><p id=\"caption-attachment-2385\" class=\"wp-caption-text\">projeto decoracao design reforma sala jantar moveis claros bom gosto alto padrao condominio arquiteto<\/p><\/div>\n<div id=\"attachment_2384\" style=\"width: 694px\" class=\"wp-caption alignnone\"><img loading=\"lazy\" decoding=\"async\" aria-describedby=\"caption-attachment-2384\" class=\"size-medium wp-image-2384\" src=\"http:\/\/arquitetocaio.com\/wpcp\/wp-content\/uploads\/2016\/11\/projeto-suite-master-closet-decoracao-design-arquitetura-interiores-reforma-obra-condominio-limeira-3-684x647.png\" alt=\"projeto suite master closet decora\u00e7\u00e3o design arquitetura interiores reforma obra condom\u00ednio limeira\" width=\"684\" height=\"647\" \/><p id=\"caption-attachment-2384\" class=\"wp-caption-text\">projeto suite master closet decora\u00e7\u00e3o design arquitetura interiores reforma obra condom\u00ednio limeira<\/p><\/div>\n<div id=\"attachment_2383\" style=\"width: 694px\" class=\"wp-caption alignnone\"><img loading=\"lazy\" decoding=\"async\" aria-describedby=\"caption-attachment-2383\" class=\"size-medium wp-image-2383\" src=\"http:\/\/arquitetocaio.com\/wpcp\/wp-content\/uploads\/2016\/11\/projeto-decoracao-ambientes-design-interiores-home-theater-bom-gosto-alto-padrao-reforma-condominio-limeira-2-684x489.png\" alt=\"projeto decora\u00e7\u00e3o ambientes design interiores home Theater bom gosto alto padr\u00e3o reforma condom\u00ednio limeira\" width=\"684\" height=\"489\" \/><p id=\"caption-attachment-2383\" class=\"wp-caption-text\">projeto decora\u00e7\u00e3o ambientes design interiores home Theater bom gosto alto padr\u00e3o reforma condom\u00ednio limeira<\/p><\/div>\n<div id=\"attachment_2382\" style=\"width: 694px\" class=\"wp-caption alignnone\"><img loading=\"lazy\" decoding=\"async\" aria-describedby=\"caption-attachment-2382\" class=\"size-medium wp-image-2382\" src=\"http:\/\/arquitetocaio.com\/wpcp\/wp-content\/uploads\/2016\/11\/projeto-decoracao-ambientes-design-interiores-home-theater-bom-gosto-alto-padrao-reforma-condominio-limeira-1-684x572.png\" alt=\"projeto decora\u00e7\u00e3o ambientes design interiores home Theater bom gosto alto padr\u00e3o reforma condom\u00ednio limeira\" width=\"684\" height=\"572\" \/><p id=\"caption-attachment-2382\" class=\"wp-caption-text\">projeto decora\u00e7\u00e3o ambientes design interiores home Theater bom gosto alto padr\u00e3o reforma condom\u00ednio limeira<\/p><\/div>\n<div id=\"attachment_2381\" style=\"width: 694px\" class=\"wp-caption alignnone\"><img loading=\"lazy\" decoding=\"async\" aria-describedby=\"caption-attachment-2381\" class=\"size-medium wp-image-2381\" src=\"http:\/\/arquitetocaio.com\/wpcp\/wp-content\/uploads\/2016\/11\/projeto-ambiente-decoracao-cozinha-integrada-ilha-coifa-balcao-mesa-decor-arquiteto-limeira-2-684x617.png\" alt=\"projeto ambiente decora\u00e7\u00e3o cozinha integrada ilha coifa balc\u00e3o mesa decor arquiteto limeira\" width=\"684\" height=\"617\" \/><p id=\"caption-attachment-2381\" class=\"wp-caption-text\">projeto ambiente decora\u00e7\u00e3o cozinha integrada ilha coifa balc\u00e3o mesa decor arquiteto limeira<\/p><\/div>\n<div id=\"attachment_2380\" style=\"width: 694px\" class=\"wp-caption alignnone\"><img loading=\"lazy\" decoding=\"async\" aria-describedby=\"caption-attachment-2380\" class=\"size-medium wp-image-2380\" src=\"http:\/\/arquitetocaio.com\/wpcp\/wp-content\/uploads\/2016\/11\/projeto-ambiente-decoracao-cozinha-integrada-ilha-coifa-balcao-mesa-decor-arquiteto-limeira-1-684x502.png\" alt=\"projeto ambiente decora\u00e7\u00e3o cozinha integrada ilha coifa balc\u00e3o mesa decor arquiteto limeira\" width=\"684\" height=\"502\" \/><p id=\"caption-attachment-2380\" class=\"wp-caption-text\">projeto ambiente decora\u00e7\u00e3o cozinha integrada ilha coifa balc\u00e3o mesa decor arquiteto limeira<\/p><\/div>\n<div id=\"attachment_2379\" style=\"width: 694px\" class=\"wp-caption alignnone\"><img loading=\"lazy\" decoding=\"async\" aria-describedby=\"caption-attachment-2379\" class=\"size-medium wp-image-2379\" src=\"http:\/\/arquitetocaio.com\/wpcp\/wp-content\/uploads\/2016\/11\/projeto-decoracao-design-interior-ambiente-quarto-solteiro-cama-casal-descontraido-moderno-elegante-bom-gosto-alto-padrao-arquiteto-limeira-1-684x547.png\" alt=\"projeto decora\u00e7\u00e3o design interior ambiente quarto solteiro cama casal descontra\u00eddo moderno elegante bom gosto alto padr\u00e3o arquiteto limeira\" width=\"684\" height=\"547\" \/><p id=\"caption-attachment-2379\" class=\"wp-caption-text\">projeto decora\u00e7\u00e3o design interior ambiente quarto solteiro cama casal descontra\u00eddo moderno elegante bom gosto alto padr\u00e3o arquiteto limeira<\/p><\/div>\n<div id=\"attachment_2378\" style=\"width: 694px\" class=\"wp-caption alignnone\"><img loading=\"lazy\" decoding=\"async\" aria-describedby=\"caption-attachment-2378\" class=\"size-medium wp-image-2378\" src=\"http:\/\/arquitetocaio.com\/wpcp\/wp-content\/uploads\/2016\/11\/projeto-decoracao-design-interior-ambiente-quarto-solteiro-cama-casal-descontraido-moderno-elegante-bom-gosto-alto-padrao-arquiteto-limeira-3-684x547.png\" alt=\"projeto decora\u00e7\u00e3o design interior ambiente quarto solteiro cama casal descontra\u00eddo moderno elegante bom gosto alto padr\u00e3o arquiteto limeira\" width=\"684\" height=\"547\" \/><p id=\"caption-attachment-2378\" class=\"wp-caption-text\">projeto decora\u00e7\u00e3o design interior ambiente quarto solteiro cama casal descontra\u00eddo moderno elegante bom gosto alto padr\u00e3o arquiteto limeira<\/p><\/div>\n<div id=\"attachment_2377\" style=\"width: 694px\" class=\"wp-caption alignnone\"><img loading=\"lazy\" decoding=\"async\" aria-describedby=\"caption-attachment-2377\" class=\"size-medium wp-image-2377\" src=\"http:\/\/arquitetocaio.com\/wpcp\/wp-content\/uploads\/2016\/11\/projeto-decoracao-design-interior-ambiente-quarto-solteiro-cama-casal-descontraido-moderno-elegante-bom-gosto-alto-padrao-arquiteto-limeira-2-684x516.png\" alt=\"projeto decora\u00e7\u00e3o design interior ambiente quarto solteiro cama casal descontra\u00eddo moderno elegante bom gosto alto padr\u00e3o arquiteto limeira\" width=\"684\" height=\"516\" \/><p id=\"caption-attachment-2377\" class=\"wp-caption-text\">projeto decora\u00e7\u00e3o design interior ambiente quarto solteiro cama casal descontra\u00eddo moderno elegante bom gosto alto padr\u00e3o arquiteto limeira<\/p><\/div>\n<div id=\"attachment_2376\" style=\"width: 523px\" class=\"wp-caption alignnone\"><img loading=\"lazy\" decoding=\"async\" aria-describedby=\"caption-attachment-2376\" class=\"size-medium wp-image-2376\" src=\"http:\/\/arquitetocaio.com\/wpcp\/wp-content\/uploads\/2016\/11\/projeto-reforma-lavabo-moderno-pedra-branca-preta-marmore-carrara-iluminacao-arquiteto-decoradora-513x684.png\" alt=\"projeto reforma lavabo moderno pedra branca preta marmore carrara iluminacao arquiteto decoradora\" width=\"513\" height=\"684\" \/><p id=\"caption-attachment-2376\" class=\"wp-caption-text\">projeto reforma lavabo moderno pedra branca preta marmore carrara iluminacao arquiteto decoradora<\/p><\/div>\n<div id=\"attachment_2375\" style=\"width: 694px\" class=\"wp-caption alignnone\"><img loading=\"lazy\" decoding=\"async\" aria-describedby=\"caption-attachment-2375\" class=\"size-medium wp-image-2375\" src=\"http:\/\/arquitetocaio.com\/wpcp\/wp-content\/uploads\/2016\/11\/projeto-reforma-lavanderia-design-interiores-pedra-preta-iluminacao-moderna-arquiteto-decoradora-684x684.png\" alt=\"projeto reforma lavanderia design interiores pedra preta iluminacao moderna arquiteto decoradora\" width=\"684\" height=\"684\" \/><p id=\"caption-attachment-2375\" class=\"wp-caption-text\">projeto reforma lavanderia design interiores pedra preta iluminacao moderna arquiteto decoradora<\/p><\/div>\n<div id=\"attachment_2374\" style=\"width: 523px\" class=\"wp-caption alignnone\"><img loading=\"lazy\" decoding=\"async\" aria-describedby=\"caption-attachment-2374\" class=\"size-medium wp-image-2374\" src=\"http:\/\/arquitetocaio.com\/wpcp\/wp-content\/uploads\/2016\/11\/projeto-arquitetura-design-interiores-banheiro-claro-reforma-arquiteto-arquiteta-limeira-3-513x684.png\" alt=\"projeto arquitetura design interiores banheiro claro reforma arquiteto arquiteta limeira\" width=\"513\" height=\"684\" \/><p id=\"caption-attachment-2374\" class=\"wp-caption-text\">projeto arquitetura design interiores banheiro claro reforma arquiteto arquiteta limeira<\/p><\/div>\n<div id=\"attachment_2373\" style=\"width: 523px\" class=\"wp-caption alignnone\"><img loading=\"lazy\" decoding=\"async\" aria-describedby=\"caption-attachment-2373\" class=\"size-medium wp-image-2373\" src=\"http:\/\/arquitetocaio.com\/wpcp\/wp-content\/uploads\/2016\/11\/projeto-arquitetura-design-interiores-banheiro-claro-reforma-arquiteto-arquiteta-limeira-2-513x684.png\" alt=\"projeto arquitetura design interiores banheiro claro reforma arquiteto arquiteta limeira\" width=\"513\" height=\"684\" \/><p id=\"caption-attachment-2373\" class=\"wp-caption-text\">projeto arquitetura design interiores banheiro claro reforma arquiteto arquiteta limeira<\/p><\/div>\n<div id=\"attachment_2372\" style=\"width: 629px\" class=\"wp-caption alignnone\"><img loading=\"lazy\" decoding=\"async\" aria-describedby=\"caption-attachment-2372\" class=\"size-medium wp-image-2372\" src=\"http:\/\/arquitetocaio.com\/wpcp\/wp-content\/uploads\/2016\/11\/projeto-arquitetura-design-interiores-banheiro-claro-reforma-arquiteto-arquiteta-limeira-1-619x684.png\" alt=\"projeto arquitetura design interiores banheiro claro reforma arquiteto arquiteta limeira\" width=\"619\" height=\"684\" \/><p id=\"caption-attachment-2372\" class=\"wp-caption-text\">projeto arquitetura design interiores banheiro claro reforma arquiteto arquiteta limeira<\/p><\/div>\n<div id=\"attachment_2177\" style=\"width: 694px\" class=\"wp-caption alignnone\"><img loading=\"lazy\" decoding=\"async\" aria-describedby=\"caption-attachment-2177\" class=\"size-medium wp-image-2177\" src=\"http:\/\/arquitetocaio.com\/wpcp\/wp-content\/uploads\/2016\/11\/IMG-RENDER-QUARTO-DE-SOLTEIRO-684x684.png\" alt=\"projeto ambientes interiores apartamento compacto pequeno terrazzo limeira arquiteto quarto pequeno\" width=\"684\" height=\"684\" \/><p id=\"caption-attachment-2177\" class=\"wp-caption-text\">projeto ambientes interiores apartamento compacto pequeno terrazzo limeira arquiteto quarto pequeno<\/p><\/div>\n<p>Solicite agora mesmo or\u00e7amento gr\u00e1tis para seu\u00a0<strong>Projeto de Design de Interiores Online<\/strong><\/p>\n<div id=\"attachment_2176\" style=\"width: 643px\" class=\"wp-caption alignnone\"><img loading=\"lazy\" decoding=\"async\" aria-describedby=\"caption-attachment-2176\" class=\"size-medium wp-image-2176\" src=\"http:\/\/arquitetocaio.com\/wpcp\/wp-content\/uploads\/2016\/11\/IMG-RENDER-\u00c1REA-EXTERNA-0001-633x684.png\" alt=\"projeto ambientes interiores apartamento compacto pequeno terrazzo limeira arquiteto varanda\" width=\"633\" height=\"684\" \/><p id=\"caption-attachment-2176\" class=\"wp-caption-text\">projeto ambientes interiores apartamento compacto pequeno terrazzo limeira arquiteto varanda<\/p><\/div>\n<div id=\"attachment_2175\" style=\"width: 694px\" class=\"wp-caption alignnone\"><img loading=\"lazy\" decoding=\"async\" aria-describedby=\"caption-attachment-2175\" class=\"size-medium wp-image-2175\" src=\"http:\/\/arquitetocaio.com\/wpcp\/wp-content\/uploads\/2016\/11\/IMG-RENDER-\u00c1rea-externa-0002-684x492.png\" alt=\"projeto ambientes interiores apartamento compacto pequeno terrazzo limeira arquiteto varanda\" width=\"684\" height=\"492\" \/><p id=\"caption-attachment-2175\" class=\"wp-caption-text\">projeto ambientes interiores apartamento compacto pequeno terrazzo limeira arquiteto varanda<\/p><\/div>\n<div id=\"attachment_2174\" style=\"width: 694px\" class=\"wp-caption alignnone\"><img loading=\"lazy\" decoding=\"async\" aria-describedby=\"caption-attachment-2174\" class=\"size-medium wp-image-2174\" src=\"http:\/\/arquitetocaio.com\/wpcp\/wp-content\/uploads\/2016\/11\/projeto-ambientes-interiores-apartamento-compacto-pequeno-terrazzo-limeira-arquiteto-cozinha-4-684x635.png\" alt=\"projeto ambientes interiores apartamento compacto pequeno terrazzo limeira arquiteto suite master\" width=\"684\" height=\"635\" \/><p id=\"caption-attachment-2174\" class=\"wp-caption-text\">projeto ambientes interiores apartamento compacto pequeno terrazzo limeira arquiteto suite master<\/p><\/div>\n<div id=\"attachment_2173\" style=\"width: 448px\" class=\"wp-caption alignnone\"><img loading=\"lazy\" decoding=\"async\" aria-describedby=\"caption-attachment-2173\" class=\"size-medium wp-image-2173\" src=\"http:\/\/arquitetocaio.com\/wpcp\/wp-content\/uploads\/2016\/11\/projeto-ambientes-interiores-apartamento-compacto-pequeno-terrazzo-limeira-arquiteto-cozinha-3-438x684.png\" alt=\"projeto ambientes interiores apartamento compacto pequeno terrazzo limeira arquiteto banheiro\" width=\"438\" height=\"684\" srcset=\"http:\/\/arquitetocaio.com\/wpcp\/wp-content\/uploads\/2016\/11\/projeto-ambientes-interiores-apartamento-compacto-pequeno-terrazzo-limeira-arquiteto-cozinha-3-438x684.png 438w, http:\/\/arquitetocaio.com\/wpcp\/wp-content\/uploads\/2016\/11\/projeto-ambientes-interiores-apartamento-compacto-pequeno-terrazzo-limeira-arquiteto-cozinha-3-768x1198.png 768w, http:\/\/arquitetocaio.com\/wpcp\/wp-content\/uploads\/2016\/11\/projeto-ambientes-interiores-apartamento-compacto-pequeno-terrazzo-limeira-arquiteto-cozinha-3-876x1366.png 876w, http:\/\/arquitetocaio.com\/wpcp\/wp-content\/uploads\/2016\/11\/projeto-ambientes-interiores-apartamento-compacto-pequeno-terrazzo-limeira-arquiteto-cozinha-3-370x577.png 370w, http:\/\/arquitetocaio.com\/wpcp\/wp-content\/uploads\/2016\/11\/projeto-ambientes-interiores-apartamento-compacto-pequeno-terrazzo-limeira-arquiteto-cozinha-3-103x160.png 103w, http:\/\/arquitetocaio.com\/wpcp\/wp-content\/uploads\/2016\/11\/projeto-ambientes-interiores-apartamento-compacto-pequeno-terrazzo-limeira-arquiteto-cozinha-3.png 900w\" sizes=\"(max-width: 438px) 100vw, 438px\" \/><p id=\"caption-attachment-2173\" class=\"wp-caption-text\">projeto ambientes interiores apartamento compacto pequeno terrazzo limeira arquiteto banheiro<\/p><\/div>\n<p>Solicite agora mesmo or\u00e7amento gr\u00e1tis para seu\u00a0<strong>Projeto de Design de Interiores Online<\/strong><\/p>\n<div id=\"attachment_2172\" style=\"width: 443px\" class=\"wp-caption alignnone\"><img loading=\"lazy\" decoding=\"async\" aria-describedby=\"caption-attachment-2172\" class=\"size-medium wp-image-2172\" src=\"http:\/\/arquitetocaio.com\/wpcp\/wp-content\/uploads\/2016\/11\/projeto-ambientes-interiores-apartamento-compacto-pequeno-terrazzo-limeira-arquiteto-cozinha-2-433x684.png\" alt=\"projeto ambientes interiores apartamento compacto pequeno terrazzo limeira arquiteto banheiro\" width=\"433\" height=\"684\" \/><p id=\"caption-attachment-2172\" class=\"wp-caption-text\">projeto ambientes interiores apartamento compacto pequeno terrazzo limeira arquiteto banheiro<\/p><\/div>\n<div id=\"attachment_2171\" style=\"width: 667px\" class=\"wp-caption alignnone\"><img loading=\"lazy\" decoding=\"async\" aria-describedby=\"caption-attachment-2171\" class=\"size-medium wp-image-2171\" src=\"http:\/\/arquitetocaio.com\/wpcp\/wp-content\/uploads\/2016\/11\/projeto-ambientes-interiores-apartamento-compacto-pequeno-terrazzo-limeira-arquiteto-cozinha-1-657x684.png\" alt=\"projeto ambientes interiores apartamento compacto pequeno terrazzo limeira arquiteto banheiro\" width=\"657\" height=\"684\" \/><p id=\"caption-attachment-2171\" class=\"wp-caption-text\">projeto ambientes interiores apartamento compacto pequeno terrazzo limeira arquiteto banheiro<\/p><\/div>\n<div id=\"attachment_2170\" style=\"width: 608px\" class=\"wp-caption alignnone\"><img loading=\"lazy\" decoding=\"async\" aria-describedby=\"caption-attachment-2170\" class=\"size-medium wp-image-2170\" src=\"http:\/\/arquitetocaio.com\/wpcp\/wp-content\/uploads\/2016\/11\/projeto-ambientes-interiores-apartamento-compacto-pequeno-terrazzo-limeira-arquiteto-cozinha-1-598x684.jpg\" alt=\"projeto ambientes interiores apartamento compacto pequeno terrazzo limeira arquiteto cozinha\" width=\"598\" height=\"684\" srcset=\"http:\/\/arquitetocaio.com\/wpcp\/wp-content\/uploads\/2016\/11\/projeto-ambientes-interiores-apartamento-compacto-pequeno-terrazzo-limeira-arquiteto-cozinha-1-598x684.jpg 598w, http:\/\/arquitetocaio.com\/wpcp\/wp-content\/uploads\/2016\/11\/projeto-ambientes-interiores-apartamento-compacto-pequeno-terrazzo-limeira-arquiteto-cozinha-1-768x878.jpg 768w, http:\/\/arquitetocaio.com\/wpcp\/wp-content\/uploads\/2016\/11\/projeto-ambientes-interiores-apartamento-compacto-pequeno-terrazzo-limeira-arquiteto-cozinha-1-1194x1366.jpg 1194w, http:\/\/arquitetocaio.com\/wpcp\/wp-content\/uploads\/2016\/11\/projeto-ambientes-interiores-apartamento-compacto-pequeno-terrazzo-limeira-arquiteto-cozinha-1-370x423.jpg 370w, http:\/\/arquitetocaio.com\/wpcp\/wp-content\/uploads\/2016\/11\/projeto-ambientes-interiores-apartamento-compacto-pequeno-terrazzo-limeira-arquiteto-cozinha-1-140x160.jpg 140w, http:\/\/arquitetocaio.com\/wpcp\/wp-content\/uploads\/2016\/11\/projeto-ambientes-interiores-apartamento-compacto-pequeno-terrazzo-limeira-arquiteto-cozinha-1.jpg 1300w\" sizes=\"(max-width: 598px) 100vw, 598px\" \/><p id=\"caption-attachment-2170\" class=\"wp-caption-text\">projeto ambientes interiores apartamento compacto pequeno terrazzo limeira arquiteto cozinha<\/p><\/div>\n<p>&nbsp;<\/p>\n<p>Solicite agora mesmo or\u00e7amento gr\u00e1tis para seu\u00a0<strong>Projeto de Design de Interiores Online<\/strong><\/p>\n<p>&nbsp;<\/p>\n<p>Gostou do resultado de nosso <strong>Projeto de Design de Interiores Online\u00a0<\/strong>que tal transformar a sua casa em ambientes agraveis para se viver bons momentos!!!!<\/p>\n<p>Conhe\u00e7a mais sobre o Arquiteto Caio Pelisson. <a href=\"http:\/\/arquitetocaio.com.br\/sobre-arquitetos-campinas-arquiteta-limeira\/\">SOBRE<\/a><\/p>\n<p>Entre em <a href=\"http:\/\/arquitetocaio.com.br\/contato-arquitetos-campinas\/\">contato com o Arquiteto Caio Pelisson<\/a> e saiba <strong>Projeto de Design de Interiores Online<\/strong><\/p>\n","protected":false},"excerpt":{"rendered":"<p>Confira como ficou o resultado desse nosso\u00a0Projeto de Design de Interiores Online Solicite agora mesmo or\u00e7amento gr\u00e1tis para seu\u00a0Projeto de Design de Interiores Online Solicite agora mesmo or\u00e7amento gr\u00e1tis para seu\u00a0Projeto de Design de Interiores Online &nbsp; Solicite agora mesmo or\u00e7amento gr\u00e1tis para seu\u00a0Projeto de Design de Interiores Online &nbsp; Gostou do resultado de nosso Projeto de Design de Interiores&#8230;<\/p>\n","protected":false},"author":2,"featured_media":2387,"comment_status":"open","ping_status":"open","sticky":false,"template":"","format":"standard","meta":{"footnotes":""},"categories":[174,55,101,92,63,99,1],"tags":[725,110,724,726,723,727,490,734,733,728,729,499,716,179,730,731,732,64,721,715,719,720,710,717,74,718,29,141,180,26,94,712,714,102,711,713,722,162],"_links":{"self":[{"href":"http:\/\/arquitetocaio.com\/wpcp\/wp-json\/wp\/v2\/posts\/2400"}],"collection":[{"href":"http:\/\/arquitetocaio.com\/wpcp\/wp-json\/wp\/v2\/posts"}],"about":[{"href":"http:\/\/arquitetocaio.com\/wpcp\/wp-json\/wp\/v2\/types\/post"}],"author":[{"embeddable":true,"href":"http:\/\/arquitetocaio.com\/wpcp\/wp-json\/wp\/v2\/users\/2"}],"replies":[{"embeddable":true,"href":"http:\/\/arquitetocaio.com\/wpcp\/wp-json\/wp\/v2\/comments?post=2400"}],"version-history":[{"count":1,"href":"http:\/\/arquitetocaio.com\/wpcp\/wp-json\/wp\/v2\/posts\/2400\/revisions"}],"predecessor-version":[{"id":2413,"href":"http:\/\/arquitetocaio.com\/wpcp\/wp-json\/wp\/v2\/posts\/2400\/revisions\/2413"}],"wp:featuredmedia":[{"embeddable":true,"href":"http:\/\/arquitetocaio.com\/wpcp\/wp-json\/wp\/v2\/media\/2387"}],"wp:attachment":[{"href":"http:\/\/arquitetocaio.com\/wpcp\/wp-json\/wp\/v2\/media?parent=2400"}],"wp:term":[{"taxonomy":"category","embeddable":true,"href":"http:\/\/arquitetocaio.com\/wpcp\/wp-json\/wp\/v2\/categories?post=2400"},{"taxonomy":"post_tag","embeddable":true,"href":"http:\/\/arquitetocaio.com\/wpcp\/wp-json\/wp\/v2\/tags?post=2400"}],"curies":[{"name":"wp","href":"https:\/\/api.w.org\/{rel}","templated":true}]}}